{"id":5987,"date":"2026-08-31T23:12:02","date_gmt":"2026-08-31T21:12:02","guid":{"rendered":"http:\/\/choraledes2caps.fr\/site\/?p=5987"},"modified":"2026-08-31T23:12:02","modified_gmt":"2026-08-31T21:12:02","slug":"deces-de-la-soprano-ileana-cotrubas","status":"publish","type":"post","link":"http:\/\/choraledes2caps.fr\/site\/index.php\/2026\/08\/31\/deces-de-la-soprano-ileana-cotrubas\/","title":{"rendered":"D\u00e9c\u00e8s de la soprano Ileana Cotrubas"},"content":{"rendered":"\n<p>La soprano roumaine <strong>Ileana Cotrubas<\/strong> est d\u00e9c\u00e9d\u00e9e le 20 ao\u00fbt 2026 \u00e0 l&rsquo;\u00e2ge de 87 ans. Elle avait men\u00e9 une carri\u00e8re internationale dans les plus prestigieux op\u00e9ras et lors de nombreux festivals. En 1991, \u00e0 l&rsquo;\u00e2ge de 51 ans, elle avait choisi de se consacrer \u00e0 l&rsquo;enseignement et aux masterclasses. <br><a href=\"https:\/\/www.radiofrance.fr\/francemusique\/la-mort-de-la-grande-soprano-ileana-cotrubas-a-87-ans-2337762\"><strong>https:\/\/www.radiofrance.fr\/francemusique\/la-mort-de-la-grande-soprano-ileana-cotrubas-a-87-ans-2337762<\/strong><\/a><br><br>Un bel article, avec des liens vers des vid\u00e9os,  lui est consacr\u00e9 sur<strong> \u00ab\u00a0Le blog de JEAN-PIERRE ROUSSEAU\u00a0\u00bb :<br><a href=\"https:\/\/jeanpierrerousseaublog.com\/2026\/08\/20\/ileana-cotrubas-1939-2026\/\">https:\/\/jeanpierrerousseaublog.com\/2026\/08\/20\/ileana-cotrubas-1939-2026\/<\/a><\/strong><br><br>En 2014 Marc Dumont lui avait consacr\u00e9 une \u00e9mission de \u00ab\u00a0Horizons chim\u00e9riques\u00a0\u00bb : <br>\u00ab\u00a0Bouleversante Ileana Cotrubas\u00a0\u00bb<br><a href=\"https:\/\/www.radiofrance.fr\/francemusique\/podcasts\/horizons-chimeriques\/bouleversante-ileana-cotrubas-8185686\"><strong>https:\/\/www.radiofrance.fr\/francemusique\/podcasts\/horizons-chimeriques\/bouleversante-ileana-cotrubas-8185686<\/strong><\/a><\/p>\n\n\n<div class=\"wp-block-image\">\n<figure class=\"aligncenter size-full is-resized\"><img decoding=\"async\" loading=\"lazy\" src=\"http:\/\/choraledes2caps.fr\/site\/wp-content\/uploads\/2026\/08\/Ileana-Cotrubas.webp\" alt=\"\" class=\"wp-image-5990\" width=\"320\" height=\"479\"\/><figcaption class=\"wp-element-caption\"><br>La soprano roumaine Ileana Cotrubas, sur sc\u00e8ne, aux alentours de 1965. \u00a9Getty &#8211; Erich Auerbach\/Hulton Archive (Site de France Musique)<\/figcaption><\/figure><\/div>","protected":false},"excerpt":{"rendered":"<p>La soprano roumaine Ileana Cotrubas est d\u00e9c\u00e9d\u00e9e le 20 ao\u00fbt 2026 \u00e0 l&rsquo;\u00e2ge de 87 ans. Elle avait men\u00e9 une carri\u00e8re internationale dans les plus prestigieux op\u00e9ras et lors de nombreux festivals. En 1991, \u00e0 l&rsquo;\u00e2ge de 51 ans, elle avait choisi de se consacrer \u00e0 l&rsquo;enseignement et aux masterclasses. https:\/\/www.radiofrance.fr\/francemusique\/la-mort-de-la-grande-soprano-ileana-cotrubas-a-87-ans-2337762 Un bel article, avec &hellip; <\/p>\n<p class=\"link-more\"><a href=\"http:\/\/choraledes2caps.fr\/site\/index.php\/2026\/08\/31\/deces-de-la-soprano-ileana-cotrubas\/\" class=\"more-link\">Continuer la lecture<span class=\"screen-reader-text\"> de &laquo;&nbsp;D\u00e9c\u00e8s de la soprano Ileana Cotrubas&nbsp;&raquo;<\/span><\/a><\/p>\n","protected":false},"author":1,"featured_media":0,"comment_status":"closed","ping_status":"","sticky":false,"template":"","format":"standard","meta":[],"categories":[20,21,23,22],"tags":[],"_links":{"self":[{"href":"http:\/\/choraledes2caps.fr\/site\/index.php\/wp-json\/wp\/v2\/posts\/5987"}],"collection":[{"href":"http:\/\/choraledes2caps.fr\/site\/index.php\/wp-json\/wp\/v2\/posts"}],"about":[{"href":"http:\/\/choraledes2caps.fr\/site\/index.php\/wp-json\/wp\/v2\/types\/post"}],"author":[{"embeddable":true,"href":"http:\/\/choraledes2caps.fr\/site\/index.php\/wp-json\/wp\/v2\/users\/1"}],"replies":[{"embeddable":true,"href":"http:\/\/choraledes2caps.fr\/site\/index.php\/wp-json\/wp\/v2\/comments?post=5987"}],"version-history":[{"count":3,"href":"http:\/\/choraledes2caps.fr\/site\/index.php\/wp-json\/wp\/v2\/posts\/5987\/revisions"}],"predecessor-version":[{"id":5991,"href":"http:\/\/choraledes2caps.fr\/site\/index.php\/wp-json\/wp\/v2\/posts\/5987\/revisions\/5991"}],"wp:attachment":[{"href":"http:\/\/choraledes2caps.fr\/site\/index.php\/wp-json\/wp\/v2\/media?parent=5987"}],"wp:term":[{"taxonomy":"category","embeddable":true,"href":"http:\/\/choraledes2caps.fr\/site\/index.php\/wp-json\/wp\/v2\/categories?post=5987"},{"taxonomy":"post_tag","embeddable":true,"href":"http:\/\/choraledes2caps.fr\/site\/index.php\/wp-json\/wp\/v2\/tags?post=5987"}],"curies":[{"name":"wp","href":"https:\/\/api.w.org\/{rel}","templated":true}]}}