{"id":4485,"date":"2025-09-05T14:06:48","date_gmt":"2025-09-05T12:06:48","guid":{"rendered":"http:\/\/choraledes2caps.fr\/site\/?p=4485"},"modified":"2026-03-12T21:34:59","modified_gmt":"2026-03-12T20:34:59","slug":"programme-2025-2026","status":"publish","type":"post","link":"http:\/\/choraledes2caps.fr\/site\/index.php\/2025\/09\/05\/programme-2025-2026\/","title":{"rendered":"Programme 2025-2026"},"content":{"rendered":"\n<p><strong>Agua de beber<\/strong><\/p>\n\n\n\n<p><strong>Ava Maria de Caccini<\/strong><\/p>\n\n\n\n<p><strong>Dona Nobis Pacem<\/strong> <em>(Lawlor)<\/em><\/p>\n\n\n\n<p><strong>Don Leon<\/strong><\/p>\n\n\n\n<p><strong>El vito <\/strong> <em>(folklore espagnol)<\/em><\/p>\n\n\n\n<p><strong>Ergen dedo<\/strong>  <em>(folklore bulgare)<\/em><\/p>\n\n\n\n<p><strong>Je ne veux pas travailler<\/strong><\/p>\n\n\n\n<p><strong>La carioca<\/strong><\/p>\n\n\n\n<p><strong>La lune est morte<\/strong><\/p>\n\n\n\n<p><strong>Lase kiik k\u00e4ia<\/strong>  <em>(berceuse  estonienne)<\/em><\/p>\n\n\n\n<p><strong>Mas que nada<\/strong><\/p>\n\n\n\n<p><strong>Ta Katie t&rsquo;a quitt\u00e9<\/strong><\/p>\n\n\n\n<p><strong>Tarekita<\/strong><\/p>\n\n\n\n<h2 class=\"wp-block-heading\">Chants du concert de No\u00ebl<\/h2>\n\n\n\n<p><strong>African Noel (Sing Noel)<\/strong><\/p>\n\n\n\n<p><strong>\u00a1 Ale P\u00fan !<\/strong><\/p>\n\n\n\n<p><strong>C&rsquo;\u00e9tait la veille de No\u00ebl<\/strong><\/p>\n\n\n\n<p><strong>Dominick, the donkey<\/strong><\/p>\n\n\n\n<p><strong>El Burrito Sabanero<\/strong><\/p>\n\n\n\n<p><strong>Le p\u00e8re no\u00ebl et la petite fille<\/strong><\/p>\n\n\n\n<p><strong>Melchior et Balthazar<\/strong><\/p>\n\n\n\n<p><strong>Silence ciel, silence terre<\/strong><\/p>\n","protected":false},"excerpt":{"rendered":"<p>Agua de beber Ava Maria de Caccini Dona Nobis Pacem (Lawlor) Don Leon El vito (folklore espagnol) Ergen dedo (folklore bulgare) Je ne veux pas travailler La carioca La lune est morte Lase kiik k\u00e4ia (berceuse estonienne) Mas que nada Ta Katie t&rsquo;a quitt\u00e9 Tarekita Chants du concert de No\u00ebl African Noel (Sing Noel) \u00a1 &hellip; <\/p>\n<p class=\"link-more\"><a href=\"http:\/\/choraledes2caps.fr\/site\/index.php\/2025\/09\/05\/programme-2025-2026\/\" class=\"more-link\">Continuer la lecture<span class=\"screen-reader-text\"> de &laquo;&nbsp;Programme 2025-2026&nbsp;&raquo;<\/span><\/a><\/p>\n","protected":false},"author":1,"featured_media":0,"comment_status":"closed","ping_status":"","sticky":false,"template":"","format":"standard","meta":[],"categories":[9],"tags":[],"_links":{"self":[{"href":"http:\/\/choraledes2caps.fr\/site\/index.php\/wp-json\/wp\/v2\/posts\/4485"}],"collection":[{"href":"http:\/\/choraledes2caps.fr\/site\/index.php\/wp-json\/wp\/v2\/posts"}],"about":[{"href":"http:\/\/choraledes2caps.fr\/site\/index.php\/wp-json\/wp\/v2\/types\/post"}],"author":[{"embeddable":true,"href":"http:\/\/choraledes2caps.fr\/site\/index.php\/wp-json\/wp\/v2\/users\/1"}],"replies":[{"embeddable":true,"href":"http:\/\/choraledes2caps.fr\/site\/index.php\/wp-json\/wp\/v2\/comments?post=4485"}],"version-history":[{"count":22,"href":"http:\/\/choraledes2caps.fr\/site\/index.php\/wp-json\/wp\/v2\/posts\/4485\/revisions"}],"predecessor-version":[{"id":5529,"href":"http:\/\/choraledes2caps.fr\/site\/index.php\/wp-json\/wp\/v2\/posts\/4485\/revisions\/5529"}],"wp:attachment":[{"href":"http:\/\/choraledes2caps.fr\/site\/index.php\/wp-json\/wp\/v2\/media?parent=4485"}],"wp:term":[{"taxonomy":"category","embeddable":true,"href":"http:\/\/choraledes2caps.fr\/site\/index.php\/wp-json\/wp\/v2\/categories?post=4485"},{"taxonomy":"post_tag","embeddable":true,"href":"http:\/\/choraledes2caps.fr\/site\/index.php\/wp-json\/wp\/v2\/tags?post=4485"}],"curies":[{"name":"wp","href":"https:\/\/api.w.org\/{rel}","templated":true}]}}