{"id":4175,"date":"2026-09-01T14:00:00","date_gmt":"2026-09-01T12:00:00","guid":{"rendered":"http:\/\/choraledes2caps.fr\/site\/?p=4175"},"modified":"2026-09-05T00:09:08","modified_gmt":"2026-09-04T22:09:08","slug":"informations-culturelles-locales","status":"publish","type":"post","link":"http:\/\/choraledes2caps.fr\/site\/index.php\/2026\/09\/01\/informations-culturelles-locales\/","title":{"rendered":"Op\u00e9ra au cin\u00e9ma (MetOpera 2026\/2027)"},"content":{"rendered":"\n<p><strong>Le Cin\u00e9ma Megarama de Boulogne-sur-Mer propose la retransmission en direct d&rsquo;op\u00e9ras de la saison 2026\/2027 du Metropolitan Opera de New-York<\/strong> (20\u00e8me saison du Met Opera dans les cin\u00e9mas).<br>La programmation compl\u00e8te est pr\u00e9sent\u00e9e sur le site de France musique :<br><a href=\"https:\/\/www.radiofrance.fr\/francemusique\/evenements\/saison-2026-2027-metropolitan-opera-au-cinema-en-direct-de-new-york-4561171\">https:\/\/www.radiofrance.fr\/francemusique\/evenements\/saison-2026-2027-metropolitan-opera-au-cinema-en-direct-de-new-york-4561171<\/a> <\/p>\n\n\n\n<figure class=\"wp-block-image size-full\"><img decoding=\"async\" loading=\"lazy\" width=\"1280\" height=\"770\" src=\"http:\/\/choraledes2caps.fr\/site\/wp-content\/uploads\/2026\/09\/Met-Opera-saison-2026-2027.webp\" alt=\"\" class=\"wp-image-6009\"\/><figcaption class=\"wp-element-caption\">Site de France musique<\/figcaption><\/figure>\n\n\n\n<p><strong>COSI FAN TUTTE  de  Mozart<\/strong><br>L&rsquo;op\u00e9ra sera retransmis<strong> <\/strong>le<strong> samedi 3 octobre 2026 \u00e0 18h55<\/strong><br>Information en suivant le lien :<br><a href=\"https:\/\/boulogne.megarama.fr\/#showmovie?id=5KIT2\">https:\/\/boulogne.megarama.fr\/#showmovie?id=5KIT2<\/a><br><br>Pour en savoir plus :<br><a href=\"https:\/\/www.metopera.org\/season\/in-cinemas\/2026-27-season\/cosi-fan-tutte\/\">https:\/\/www.metopera.org\/season\/in-cinemas\/2026-27-season\/cosi-fan-tutte\/<\/a><\/p>\n\n\n\n<figure class=\"wp-block-image size-full\"><img decoding=\"async\" loading=\"lazy\" width=\"1600\" height=\"685\" src=\"http:\/\/choraledes2caps.fr\/site\/wp-content\/uploads\/2026\/09\/cosi-1600x685-pb.webp\" alt=\"\" class=\"wp-image-6013\"\/><figcaption class=\"wp-element-caption\">Site du Metropolitan Opera<\/figcaption><\/figure>\n\n\n\n<p><strong>MACBETH  de  Verdi<\/strong><br>L&rsquo;op\u00e9ra sera retransmis le <strong>samedi 17 octobre 2026 \u00e0 18h55<\/strong><br>Information en suivant le lien :<br><a href=\"https:\/\/boulogne.megarama.fr\/#showmovie?id=2DRZK\">https:\/\/boulogne.megarama.fr\/#showmovie?id=2DRZK<\/a><br><br>Pour en savoir plus :<br><a href=\"https:\/\/www.metopera.org\/season\/in-cinemas\/2026-27-season\/macbeth\/\">https:\/\/www.metopera.org\/season\/in-cinemas\/2026-27-season\/macbeth\/<\/a><\/p>\n\n\n\n<figure class=\"wp-block-image size-full\"><img decoding=\"async\" loading=\"lazy\" width=\"1600\" height=\"685\" src=\"http:\/\/choraledes2caps.fr\/site\/wp-content\/uploads\/2026\/09\/macbeth-1600x685-1.webp\" alt=\"\" class=\"wp-image-6016\"\/><figcaption class=\"wp-element-caption\">Site du Metropolitan Opera<\/figcaption><\/figure>\n\n\n\n<p><strong>SAMSON ET DALILA  de  Saint-Sa\u00ebns<\/strong><br>L&rsquo;op\u00e9ra sera retransmis le <strong>samedi 5 d\u00e9cembre 2026 \u00e0 17h55<\/strong><br>Information en suivant le lien :<br><a href=\"https:\/\/boulogne.megarama.fr\/#showmovie?id=OFBO8\">https:\/\/boulogne.megarama.fr\/#showmovie?id=OFBO8<\/a><br><br>Pour en savoir plus :<br><a href=\"https:\/\/www.metopera.org\/season\/in-cinemas\/2026-27-season\/samson-et-dalila\/\">https:\/\/www.metopera.org\/season\/in-cinemas\/2026-27-season\/samson-et-dalila\/<\/a><\/p>\n\n\n\n<figure class=\"wp-block-image size-full\"><img decoding=\"async\" loading=\"lazy\" width=\"1600\" height=\"685\" src=\"http:\/\/choraledes2caps.fr\/site\/wp-content\/uploads\/2026\/09\/samson-1600x685-pb.webp\" alt=\"\" class=\"wp-image-6018\"\/><figcaption class=\"wp-element-caption\">Site du Metropolitan Opera<\/figcaption><\/figure>\n\n\n\n<p><strong>LA FILLE DU FAR-WEST  de  Puccini<\/strong><br>L&rsquo;op\u00e9ra sera retransmis le <strong>samedi 23 janvier 2027 \u00e0 18h55<\/strong><br>Information en suivant le lien :<br><a href=\"https:\/\/boulogne.megarama.fr\/#showmovie?id=LW8KR\">https:\/\/boulogne.megarama.fr\/#showmovie?id=LW8KR<\/a><br><br>Pour en savoir plus :<br><a href=\"https:\/\/www.metopera.org\/season\/in-cinemas\/2026-27-season\/la-fanciulla-del-west\/\">https:\/\/www.metopera.org\/season\/in-cinemas\/2026-27-season\/la-fanciulla-del-west\/<\/a><\/p>\n\n\n\n<figure class=\"wp-block-image size-full is-resized\"><img decoding=\"async\" loading=\"lazy\" src=\"http:\/\/choraledes2caps.fr\/site\/wp-content\/uploads\/2026\/09\/west-785-x-590-setting.webp\" alt=\"\" class=\"wp-image-6021\" width=\"589\" height=\"443\"\/><figcaption class=\"wp-element-caption\">Site du Metropolitan Opera<\/figcaption><\/figure>\n\n\n\n<p><strong>SILENT NIGHT  de  Puts<\/strong><br>L&rsquo;op\u00e9ra sera retransmis le <strong>samedi 20 mars 2027 \u00e0 17h55<\/strong><br>Information en suivant le lien :<br><a href=\"https:\/\/boulogne.megarama.fr\/#showmovie?id=F6IJ8\">https:\/\/boulogne.megarama.fr\/#showmovie?id=F6IJ8<\/a><br><br>Pour en savoir plus :<br><a href=\"https:\/\/www.metopera.org\/season\/in-cinemas\/2026-27-season\/silent-night\/\">https:\/\/www.metopera.org\/season\/in-cinemas\/2026-27-season\/silent-night\/<\/a><\/p>\n\n\n\n<figure class=\"wp-block-image size-full\"><img decoding=\"async\" loading=\"lazy\" width=\"1600\" height=\"685\" src=\"http:\/\/choraledes2caps.fr\/site\/wp-content\/uploads\/2026\/09\/silent-1600x685-pb.webp\" alt=\"\" class=\"wp-image-6023\"\/><figcaption class=\"wp-element-caption\">Site du Metropolitan Opera<\/figcaption><\/figure>\n\n\n\n<p><strong>MANON  de  Massenet<\/strong><br>L&rsquo;op\u00e9ra sera retransmis le <strong>samedi 3 avril 2027 \u00e0 17h55<\/strong><br>Information en suivant le lien :<br><a href=\"https:\/\/boulogne.megarama.fr\/#showmovie?id=D60SZ\">https:\/\/boulogne.megarama.fr\/#showmovie?id=D60SZ<\/a><br><br>Pour en savoir plus :<br><a href=\"https:\/\/www.metopera.org\/season\/in-cinemas\/2026-27-season\/manon\/\">https:\/\/www.metopera.org\/season\/in-cinemas\/2026-27-season\/manon\/<\/a><\/p>\n\n\n\n<figure class=\"wp-block-image size-full is-resized\"><img decoding=\"async\" loading=\"lazy\" src=\"http:\/\/choraledes2caps.fr\/site\/wp-content\/uploads\/2026\/09\/manon-785-x-590-setting.webp\" alt=\"\" class=\"wp-image-6025\" width=\"589\" height=\"443\"\/><figcaption class=\"wp-element-caption\">Site du Metropolitan Opera<\/figcaption><\/figure>\n\n\n\n<p><strong>OTELLO  de  Verdi<\/strong><br>L&rsquo;op\u00e9ra sera retransmis le <strong>samedi 24 avril 2027 \u00e0 18h55<\/strong><br>Information en suivant le lien :<br><a href=\"https:\/\/boulogne.megarama.fr\/#showmovie?id=JC5OK\">https:\/\/boulogne.megarama.fr\/#showmovie?id=JC5OK<\/a><br><br>Pour en savoir plus :<br><a href=\"https:\/\/www.metopera.org\/season\/in-cinemas\/2026-27-season\/otello\/\">https:\/\/www.metopera.org\/season\/in-cinemas\/2026-27-season\/otello\/<\/a><\/p>\n\n\n\n<figure class=\"wp-block-image size-full is-resized\"><img decoding=\"async\" loading=\"lazy\" src=\"http:\/\/choraledes2caps.fr\/site\/wp-content\/uploads\/2026\/09\/othello-785-x-590-setting.webp\" alt=\"\" class=\"wp-image-6028\" width=\"589\" height=\"443\"\/><figcaption class=\"wp-element-caption\">Site du Metropolitan Opera<\/figcaption><\/figure>\n\n\n\n<p><strong>PARSIFAL  de  Wagner<\/strong><br>L&rsquo;op\u00e9ra sera retransmis le <strong>samedi 5 juin 2027 \u00e0 17h55<\/strong><br>Information en suivant le lien :<br><a href=\"https:\/\/boulogne.megarama.fr\/#showmovie?id=JQKW2\">https:\/\/boulogne.megarama.fr\/#showmovie?id=JQKW2<\/a><br><br>Pour en savoir plus :<br><a href=\"https:\/\/www.metopera.org\/season\/in-cinemas\/2026-27-season\/parsifal\/\">https:\/\/www.metopera.org\/season\/in-cinemas\/2026-27-season\/parsifal\/<\/a><\/p>\n\n\n\n<figure class=\"wp-block-image size-full is-resized\"><img decoding=\"async\" loading=\"lazy\" src=\"http:\/\/choraledes2caps.fr\/site\/wp-content\/uploads\/2026\/09\/parsifal-785-x-590-intro.webp\" alt=\"\" class=\"wp-image-6030\" width=\"589\" height=\"443\"\/><figcaption class=\"wp-element-caption\">Site du Metropolitan Opera<\/figcaption><\/figure>\n\n\n\n<p> <\/p>\n","protected":false},"excerpt":{"rendered":"<p>Le Cin\u00e9ma Megarama de Boulogne-sur-Mer propose la retransmission en direct d&rsquo;op\u00e9ras de la saison 2026\/2027 du Metropolitan Opera de New-York (20\u00e8me saison du Met Opera dans les cin\u00e9mas).La programmation compl\u00e8te est pr\u00e9sent\u00e9e sur le site de France musique :https:\/\/www.radiofrance.fr\/francemusique\/evenements\/saison-2026-2027-metropolitan-opera-au-cinema-en-direct-de-new-york-4561171 COSI FAN TUTTE de MozartL&rsquo;op\u00e9ra sera retransmis le samedi 3 octobre 2026 \u00e0 18h55Information en suivant &hellip; <\/p>\n<p class=\"link-more\"><a href=\"http:\/\/choraledes2caps.fr\/site\/index.php\/2026\/09\/01\/informations-culturelles-locales\/\" class=\"more-link\">Continuer la lecture<span class=\"screen-reader-text\"> de &laquo;&nbsp;Op\u00e9ra au cin\u00e9ma (MetOpera 2026\/2027)&nbsp;&raquo;<\/span><\/a><\/p>\n","protected":false},"author":1,"featured_media":0,"comment_status":"closed","ping_status":"","sticky":false,"template":"","format":"standard","meta":[],"categories":[15,20,23,22],"tags":[],"_links":{"self":[{"href":"http:\/\/choraledes2caps.fr\/site\/index.php\/wp-json\/wp\/v2\/posts\/4175"}],"collection":[{"href":"http:\/\/choraledes2caps.fr\/site\/index.php\/wp-json\/wp\/v2\/posts"}],"about":[{"href":"http:\/\/choraledes2caps.fr\/site\/index.php\/wp-json\/wp\/v2\/types\/post"}],"author":[{"embeddable":true,"href":"http:\/\/choraledes2caps.fr\/site\/index.php\/wp-json\/wp\/v2\/users\/1"}],"replies":[{"embeddable":true,"href":"http:\/\/choraledes2caps.fr\/site\/index.php\/wp-json\/wp\/v2\/comments?post=4175"}],"version-history":[{"count":99,"href":"http:\/\/choraledes2caps.fr\/site\/index.php\/wp-json\/wp\/v2\/posts\/4175\/revisions"}],"predecessor-version":[{"id":6039,"href":"http:\/\/choraledes2caps.fr\/site\/index.php\/wp-json\/wp\/v2\/posts\/4175\/revisions\/6039"}],"wp:attachment":[{"href":"http:\/\/choraledes2caps.fr\/site\/index.php\/wp-json\/wp\/v2\/media?parent=4175"}],"wp:term":[{"taxonomy":"category","embeddable":true,"href":"http:\/\/choraledes2caps.fr\/site\/index.php\/wp-json\/wp\/v2\/categories?post=4175"},{"taxonomy":"post_tag","embeddable":true,"href":"http:\/\/choraledes2caps.fr\/site\/index.php\/wp-json\/wp\/v2\/tags?post=4175"}],"curies":[{"name":"wp","href":"https:\/\/api.w.org\/{rel}","templated":true}]}}