{"id":4064,"date":"2025-01-17T12:42:49","date_gmt":"2025-01-17T11:42:49","guid":{"rendered":"http:\/\/choraledes2caps.fr\/site\/?p=4064"},"modified":"2026-03-22T09:43:00","modified_gmt":"2026-03-22T08:43:00","slug":"stages-multiphonie-2025","status":"publish","type":"post","link":"http:\/\/choraledes2caps.fr\/site\/index.php\/2025\/01\/17\/stages-multiphonie-2025\/","title":{"rendered":"Stages Multiphonie 2025-2026"},"content":{"rendered":"\n<h2 class=\"has-text-align-center wp-block-heading\"><strong><s>Stage de travail vocal avec pr\u00e9sence sc\u00e9nique le  15 mars 2026<\/s><\/strong><\/h2>\n\n\n\n<p><strong><span class=\"has-inline-color has-vivid-cyan-blue-color\">Le stage est complet et report\u00e9<\/span><\/strong><\/p>\n\n\n\n<p>Le stage est propos\u00e9 par Blandine Deforge le dimanche 15 mars 2026 de 9h30 \u00e0 17h, \u00e0 Lorgies. Le tarif est de 15 \u20ac pour les adh\u00e9rents de Multiphonie, de 30\u20ac pour les non adh\u00e9rents. Les  inscriptions sont \u00e0 envoyer <strong>avant le 22 f\u00e9vrier 2026.<\/strong><\/p>\n\n\n\n<div class=\"wp-block-file\"><object class=\"wp-block-file__embed\" data=\"http:\/\/choraledes2caps.fr\/site\/wp-content\/uploads\/2026\/01\/260315-Blandine-Deforge-Lorgies.pdf\" type=\"application\/pdf\" style=\"width:100%;height:600px\" aria-label=\"Embed of Contenu embarqu\u00e9 260315-Blandine-Deforge-Lorgies..\"><\/object><a href=\"http:\/\/choraledes2caps.fr\/site\/wp-content\/uploads\/2026\/01\/260315-Blandine-Deforge-Lorgies.pdf\">260315-Blandine-Deforge-Lorgies<\/a><a href=\"http:\/\/choraledes2caps.fr\/site\/wp-content\/uploads\/2026\/01\/260315-Blandine-Deforge-Lorgies.pdf\" class=\"wp-block-file__button\" download>T\u00e9l\u00e9charger <\/a><\/div>\n\n\n\n<div class=\"wp-block-file\"><a href=\"http:\/\/choraledes2caps.fr\/site\/wp-content\/uploads\/2026\/01\/Inscription-stage.pdf\">Inscription-stage<\/a><a href=\"http:\/\/choraledes2caps.fr\/site\/wp-content\/uploads\/2026\/01\/Inscription-stage.pdf\" class=\"wp-block-file__button\" download>T\u00e9l\u00e9charger<\/a><\/div>\n\n\n\n<p><\/p>\n","protected":false},"excerpt":{"rendered":"<p>Stage de travail vocal avec pr\u00e9sence sc\u00e9nique le 15 mars 2026 Le stage est complet et report\u00e9 Le stage est propos\u00e9 par Blandine Deforge le dimanche 15 mars 2026 de 9h30 \u00e0 17h, \u00e0 Lorgies. Le tarif est de 15 \u20ac pour les adh\u00e9rents de Multiphonie, de 30\u20ac pour les non adh\u00e9rents. Les inscriptions sont &hellip; <\/p>\n<p class=\"link-more\"><a href=\"http:\/\/choraledes2caps.fr\/site\/index.php\/2025\/01\/17\/stages-multiphonie-2025\/\" class=\"more-link\">Continuer la lecture<span class=\"screen-reader-text\"> de &laquo;&nbsp;Stages Multiphonie 2025-2026&nbsp;&raquo;<\/span><\/a><\/p>\n","protected":false},"author":1,"featured_media":0,"comment_status":"closed","ping_status":"","sticky":false,"template":"","format":"standard","meta":[],"categories":[24,39,9,17],"tags":[],"_links":{"self":[{"href":"http:\/\/choraledes2caps.fr\/site\/index.php\/wp-json\/wp\/v2\/posts\/4064"}],"collection":[{"href":"http:\/\/choraledes2caps.fr\/site\/index.php\/wp-json\/wp\/v2\/posts"}],"about":[{"href":"http:\/\/choraledes2caps.fr\/site\/index.php\/wp-json\/wp\/v2\/types\/post"}],"author":[{"embeddable":true,"href":"http:\/\/choraledes2caps.fr\/site\/index.php\/wp-json\/wp\/v2\/users\/1"}],"replies":[{"embeddable":true,"href":"http:\/\/choraledes2caps.fr\/site\/index.php\/wp-json\/wp\/v2\/comments?post=4064"}],"version-history":[{"count":39,"href":"http:\/\/choraledes2caps.fr\/site\/index.php\/wp-json\/wp\/v2\/posts\/4064\/revisions"}],"predecessor-version":[{"id":5585,"href":"http:\/\/choraledes2caps.fr\/site\/index.php\/wp-json\/wp\/v2\/posts\/4064\/revisions\/5585"}],"wp:attachment":[{"href":"http:\/\/choraledes2caps.fr\/site\/index.php\/wp-json\/wp\/v2\/media?parent=4064"}],"wp:term":[{"taxonomy":"category","embeddable":true,"href":"http:\/\/choraledes2caps.fr\/site\/index.php\/wp-json\/wp\/v2\/categories?post=4064"},{"taxonomy":"post_tag","embeddable":true,"href":"http:\/\/choraledes2caps.fr\/site\/index.php\/wp-json\/wp\/v2\/tags?post=4064"}],"curies":[{"name":"wp","href":"https:\/\/api.w.org\/{rel}","templated":true}]}}