{"id":3877,"date":"2024-11-16T16:03:09","date_gmt":"2024-11-16T15:03:09","guid":{"rendered":"http:\/\/choraledes2caps.fr\/site\/?p=3877"},"modified":"2024-12-09T22:50:28","modified_gmt":"2024-12-09T21:50:28","slug":"marche-de-noel-a-wissant-1er-decembre-2024","status":"publish","type":"post","link":"http:\/\/choraledes2caps.fr\/site\/index.php\/2024\/11\/16\/marche-de-noel-a-wissant-1er-decembre-2024\/","title":{"rendered":"March\u00e9 de No\u00ebl \u00e0 Wissant 1er d\u00e9cembre 2024"},"content":{"rendered":"\n<p>La section Ev\u00e9nements de l\u2019association Arts et Culture en Pays de Wissant (ACPW), dont la Chorale des 2 Caps est une section, organise son traditionnel <strong>march\u00e9 de No\u00ebl le dimanche<\/strong> <strong>1er d\u00e9cembre<\/strong>, dans la salle des f\u00eates de Wissant. La section Ev\u00e9nements proposera buvette et petite restauration, la section Patchwork, les travaux de couture et broderie r\u00e9alis\u00e9s par ses membres. <br><strong>La Chorale des 2 Caps, sous la direction de Leila Delmaire, interpr\u00e8tera quelques chants \u00e0 15h, avant l&rsquo;arriv\u00e9e du P\u00e8re No\u00ebl.<\/strong> <br>Bienvenue \u00e0 tous les visiteurs !<\/p>\n\n\n\n<div class=\"wp-block-image\"><figure class=\"aligncenter size-full is-resized\"><img decoding=\"async\" loading=\"lazy\" src=\"http:\/\/choraledes2caps.fr\/site\/wp-content\/uploads\/2024\/11\/2024-12-01_marche_de_noel_wissant.jpg\" alt=\"\" class=\"wp-image-3879\" width=\"544\" height=\"769\" srcset=\"http:\/\/choraledes2caps.fr\/site\/wp-content\/uploads\/2024\/11\/2024-12-01_marche_de_noel_wissant.jpg 725w, http:\/\/choraledes2caps.fr\/site\/wp-content\/uploads\/2024\/11\/2024-12-01_marche_de_noel_wissant-212x300.jpg 212w\" sizes=\"(max-width: 544px) 100vw, 544px\" \/><\/figure><\/div>\n\n\n\n<figure class=\"wp-block-gallery columns-2 is-cropped wp-block-gallery-1 is-layout-flex\"><ul class=\"blocks-gallery-grid\"><li class=\"blocks-gallery-item\"><figure><img decoding=\"async\" loading=\"lazy\" width=\"1024\" height=\"683\" src=\"http:\/\/choraledes2caps.fr\/site\/wp-content\/uploads\/2024\/11\/DSC_5646-1024x683.jpg\" alt=\"\" data-id=\"3946\" data-full-url=\"http:\/\/choraledes2caps.fr\/site\/wp-content\/uploads\/2024\/11\/DSC_5646-scaled.jpg\" data-link=\"http:\/\/choraledes2caps.fr\/site\/index.php\/2024\/11\/16\/marche-de-noel-a-wissant-1er-decembre-2024\/dsc_5646\/\" class=\"wp-image-3946\" srcset=\"http:\/\/choraledes2caps.fr\/site\/wp-content\/uploads\/2024\/11\/DSC_5646-1024x683.jpg 1024w, http:\/\/choraledes2caps.fr\/site\/wp-content\/uploads\/2024\/11\/DSC_5646-300x200.jpg 300w, http:\/\/choraledes2caps.fr\/site\/wp-content\/uploads\/2024\/11\/DSC_5646-768x512.jpg 768w, http:\/\/choraledes2caps.fr\/site\/wp-content\/uploads\/2024\/11\/DSC_5646-1536x1024.jpg 1536w, http:\/\/choraledes2caps.fr\/site\/wp-content\/uploads\/2024\/11\/DSC_5646-2048x1365.jpg 2048w\" sizes=\"(max-width: 767px) 89vw, (max-width: 1000px) 54vw, (max-width: 1071px) 543px, 580px\" \/><\/figure><\/li><li class=\"blocks-gallery-item\"><figure><img decoding=\"async\" loading=\"lazy\" width=\"1024\" height=\"683\" src=\"http:\/\/choraledes2caps.fr\/site\/wp-content\/uploads\/2024\/11\/DSC_5641-1024x683.jpg\" alt=\"\" data-id=\"3947\" data-full-url=\"http:\/\/choraledes2caps.fr\/site\/wp-content\/uploads\/2024\/11\/DSC_5641-scaled.jpg\" data-link=\"http:\/\/choraledes2caps.fr\/site\/index.php\/2024\/11\/16\/marche-de-noel-a-wissant-1er-decembre-2024\/dsc_5641\/\" class=\"wp-image-3947\" srcset=\"http:\/\/choraledes2caps.fr\/site\/wp-content\/uploads\/2024\/11\/DSC_5641-1024x683.jpg 1024w, http:\/\/choraledes2caps.fr\/site\/wp-content\/uploads\/2024\/11\/DSC_5641-300x200.jpg 300w, http:\/\/choraledes2caps.fr\/site\/wp-content\/uploads\/2024\/11\/DSC_5641-768x512.jpg 768w, http:\/\/choraledes2caps.fr\/site\/wp-content\/uploads\/2024\/11\/DSC_5641-1536x1024.jpg 1536w, http:\/\/choraledes2caps.fr\/site\/wp-content\/uploads\/2024\/11\/DSC_5641-2048x1365.jpg 2048w\" sizes=\"(max-width: 767px) 89vw, (max-width: 1000px) 54vw, (max-width: 1071px) 543px, 580px\" \/><\/figure><\/li><li class=\"blocks-gallery-item\"><figure><img decoding=\"async\" loading=\"lazy\" width=\"1024\" height=\"683\" src=\"http:\/\/choraledes2caps.fr\/site\/wp-content\/uploads\/2024\/12\/DSC_5644-1024x683.jpg\" alt=\"\" data-id=\"3968\" data-full-url=\"http:\/\/choraledes2caps.fr\/site\/wp-content\/uploads\/2024\/12\/DSC_5644-scaled.jpg\" data-link=\"http:\/\/choraledes2caps.fr\/site\/dsc_5644\/\" class=\"wp-image-3968\" srcset=\"http:\/\/choraledes2caps.fr\/site\/wp-content\/uploads\/2024\/12\/DSC_5644-1024x683.jpg 1024w, http:\/\/choraledes2caps.fr\/site\/wp-content\/uploads\/2024\/12\/DSC_5644-300x200.jpg 300w, http:\/\/choraledes2caps.fr\/site\/wp-content\/uploads\/2024\/12\/DSC_5644-768x512.jpg 768w, http:\/\/choraledes2caps.fr\/site\/wp-content\/uploads\/2024\/12\/DSC_5644-1536x1024.jpg 1536w, http:\/\/choraledes2caps.fr\/site\/wp-content\/uploads\/2024\/12\/DSC_5644-2048x1365.jpg 2048w\" sizes=\"(max-width: 767px) 89vw, (max-width: 1000px) 54vw, (max-width: 1071px) 543px, 580px\" \/><\/figure><\/li><li class=\"blocks-gallery-item\"><figure><img decoding=\"async\" loading=\"lazy\" width=\"1024\" height=\"683\" src=\"http:\/\/choraledes2caps.fr\/site\/wp-content\/uploads\/2024\/11\/R-DSC_5604_001-1024x683.jpg\" alt=\"\" data-id=\"3944\" data-full-url=\"http:\/\/choraledes2caps.fr\/site\/wp-content\/uploads\/2024\/11\/R-DSC_5604_001-scaled.jpg\" data-link=\"http:\/\/choraledes2caps.fr\/site\/index.php\/2024\/11\/16\/marche-de-noel-a-wissant-1er-decembre-2024\/r-dsc_5604_001\/\" class=\"wp-image-3944\" srcset=\"http:\/\/choraledes2caps.fr\/site\/wp-content\/uploads\/2024\/11\/R-DSC_5604_001-1024x683.jpg 1024w, http:\/\/choraledes2caps.fr\/site\/wp-content\/uploads\/2024\/11\/R-DSC_5604_001-300x200.jpg 300w, http:\/\/choraledes2caps.fr\/site\/wp-content\/uploads\/2024\/11\/R-DSC_5604_001-768x512.jpg 768w, http:\/\/choraledes2caps.fr\/site\/wp-content\/uploads\/2024\/11\/R-DSC_5604_001-1536x1024.jpg 1536w, http:\/\/choraledes2caps.fr\/site\/wp-content\/uploads\/2024\/11\/R-DSC_5604_001-2048x1365.jpg 2048w\" sizes=\"(max-width: 767px) 89vw, (max-width: 1000px) 54vw, (max-width: 1071px) 543px, 580px\" \/><\/figure><\/li><li class=\"blocks-gallery-item\"><figure><img decoding=\"async\" loading=\"lazy\" width=\"1024\" height=\"683\" src=\"http:\/\/choraledes2caps.fr\/site\/wp-content\/uploads\/2024\/12\/DSC_5616-1024x683.jpg\" alt=\"\" data-id=\"3953\" data-full-url=\"http:\/\/choraledes2caps.fr\/site\/wp-content\/uploads\/2024\/12\/DSC_5616-scaled.jpg\" data-link=\"http:\/\/choraledes2caps.fr\/site\/dsc_5616\/\" class=\"wp-image-3953\" srcset=\"http:\/\/choraledes2caps.fr\/site\/wp-content\/uploads\/2024\/12\/DSC_5616-1024x683.jpg 1024w, http:\/\/choraledes2caps.fr\/site\/wp-content\/uploads\/2024\/12\/DSC_5616-300x200.jpg 300w, http:\/\/choraledes2caps.fr\/site\/wp-content\/uploads\/2024\/12\/DSC_5616-768x512.jpg 768w, http:\/\/choraledes2caps.fr\/site\/wp-content\/uploads\/2024\/12\/DSC_5616-1536x1024.jpg 1536w, http:\/\/choraledes2caps.fr\/site\/wp-content\/uploads\/2024\/12\/DSC_5616-2048x1365.jpg 2048w\" sizes=\"(max-width: 767px) 89vw, (max-width: 1000px) 54vw, (max-width: 1071px) 543px, 580px\" \/><\/figure><\/li><li class=\"blocks-gallery-item\"><figure><img decoding=\"async\" loading=\"lazy\" width=\"1024\" height=\"683\" src=\"http:\/\/choraledes2caps.fr\/site\/wp-content\/uploads\/2024\/12\/DSC_5612-1024x683.jpg\" alt=\"\" data-id=\"3952\" data-full-url=\"http:\/\/choraledes2caps.fr\/site\/wp-content\/uploads\/2024\/12\/DSC_5612-scaled.jpg\" data-link=\"http:\/\/choraledes2caps.fr\/site\/dsc_5612\/\" class=\"wp-image-3952\" srcset=\"http:\/\/choraledes2caps.fr\/site\/wp-content\/uploads\/2024\/12\/DSC_5612-1024x683.jpg 1024w, http:\/\/choraledes2caps.fr\/site\/wp-content\/uploads\/2024\/12\/DSC_5612-300x200.jpg 300w, http:\/\/choraledes2caps.fr\/site\/wp-content\/uploads\/2024\/12\/DSC_5612-768x512.jpg 768w, http:\/\/choraledes2caps.fr\/site\/wp-content\/uploads\/2024\/12\/DSC_5612-1536x1024.jpg 1536w, http:\/\/choraledes2caps.fr\/site\/wp-content\/uploads\/2024\/12\/DSC_5612-2048x1365.jpg 2048w\" sizes=\"(max-width: 767px) 89vw, (max-width: 1000px) 54vw, (max-width: 1071px) 543px, 580px\" \/><\/figure><\/li><li class=\"blocks-gallery-item\"><figure><img decoding=\"async\" loading=\"lazy\" width=\"1024\" height=\"683\" src=\"http:\/\/choraledes2caps.fr\/site\/wp-content\/uploads\/2024\/11\/DSC_5618-1024x683.jpg\" alt=\"\" data-id=\"3945\" data-full-url=\"http:\/\/choraledes2caps.fr\/site\/wp-content\/uploads\/2024\/11\/DSC_5618-scaled.jpg\" data-link=\"http:\/\/choraledes2caps.fr\/site\/index.php\/2024\/11\/16\/marche-de-noel-a-wissant-1er-decembre-2024\/dsc_5618\/\" class=\"wp-image-3945\" srcset=\"http:\/\/choraledes2caps.fr\/site\/wp-content\/uploads\/2024\/11\/DSC_5618-1024x683.jpg 1024w, http:\/\/choraledes2caps.fr\/site\/wp-content\/uploads\/2024\/11\/DSC_5618-300x200.jpg 300w, http:\/\/choraledes2caps.fr\/site\/wp-content\/uploads\/2024\/11\/DSC_5618-768x512.jpg 768w, http:\/\/choraledes2caps.fr\/site\/wp-content\/uploads\/2024\/11\/DSC_5618-1536x1024.jpg 1536w, http:\/\/choraledes2caps.fr\/site\/wp-content\/uploads\/2024\/11\/DSC_5618-2048x1365.jpg 2048w\" sizes=\"(max-width: 767px) 89vw, (max-width: 1000px) 54vw, (max-width: 1071px) 543px, 580px\" \/><\/figure><\/li><li class=\"blocks-gallery-item\"><figure><img decoding=\"async\" loading=\"lazy\" width=\"1024\" height=\"874\" src=\"http:\/\/choraledes2caps.fr\/site\/wp-content\/uploads\/2024\/11\/montage-photo.net-6756c5b1ca393976365922-1024x874.jpg\" alt=\"\" data-id=\"3951\" data-full-url=\"http:\/\/choraledes2caps.fr\/site\/wp-content\/uploads\/2024\/11\/montage-photo.net-6756c5b1ca393976365922.jpg\" data-link=\"http:\/\/choraledes2caps.fr\/site\/index.php\/2024\/11\/16\/marche-de-noel-a-wissant-1er-decembre-2024\/montage-photo-net-6756c5b1ca393976365922\/\" class=\"wp-image-3951\" srcset=\"http:\/\/choraledes2caps.fr\/site\/wp-content\/uploads\/2024\/11\/montage-photo.net-6756c5b1ca393976365922-1024x874.jpg 1024w, http:\/\/choraledes2caps.fr\/site\/wp-content\/uploads\/2024\/11\/montage-photo.net-6756c5b1ca393976365922-300x256.jpg 300w, http:\/\/choraledes2caps.fr\/site\/wp-content\/uploads\/2024\/11\/montage-photo.net-6756c5b1ca393976365922-768x655.jpg 768w, http:\/\/choraledes2caps.fr\/site\/wp-content\/uploads\/2024\/11\/montage-photo.net-6756c5b1ca393976365922-1536x1311.jpg 1536w, http:\/\/choraledes2caps.fr\/site\/wp-content\/uploads\/2024\/11\/montage-photo.net-6756c5b1ca393976365922.jpg 2000w\" sizes=\"(max-width: 767px) 89vw, (max-width: 1000px) 54vw, (max-width: 1071px) 543px, 580px\" \/><\/figure><\/li><li class=\"blocks-gallery-item\"><figure><img decoding=\"async\" loading=\"lazy\" width=\"1024\" height=\"683\" src=\"http:\/\/choraledes2caps.fr\/site\/wp-content\/uploads\/2024\/11\/DSC_5633-1024x683.jpg\" alt=\"\" data-id=\"3949\" data-full-url=\"http:\/\/choraledes2caps.fr\/site\/wp-content\/uploads\/2024\/11\/DSC_5633-scaled.jpg\" data-link=\"http:\/\/choraledes2caps.fr\/site\/index.php\/2024\/11\/16\/marche-de-noel-a-wissant-1er-decembre-2024\/dsc_5633\/\" class=\"wp-image-3949\" srcset=\"http:\/\/choraledes2caps.fr\/site\/wp-content\/uploads\/2024\/11\/DSC_5633-1024x683.jpg 1024w, http:\/\/choraledes2caps.fr\/site\/wp-content\/uploads\/2024\/11\/DSC_5633-300x200.jpg 300w, http:\/\/choraledes2caps.fr\/site\/wp-content\/uploads\/2024\/11\/DSC_5633-768x512.jpg 768w, http:\/\/choraledes2caps.fr\/site\/wp-content\/uploads\/2024\/11\/DSC_5633-1536x1024.jpg 1536w, http:\/\/choraledes2caps.fr\/site\/wp-content\/uploads\/2024\/11\/DSC_5633-2048x1365.jpg 2048w\" sizes=\"(max-width: 767px) 89vw, (max-width: 1000px) 54vw, (max-width: 1071px) 543px, 580px\" \/><\/figure><\/li><li class=\"blocks-gallery-item\"><figure><img decoding=\"async\" loading=\"lazy\" width=\"1024\" height=\"683\" src=\"http:\/\/choraledes2caps.fr\/site\/wp-content\/uploads\/2024\/11\/DSC_5607-1024x683.jpg\" alt=\"\" data-id=\"3943\" data-full-url=\"http:\/\/choraledes2caps.fr\/site\/wp-content\/uploads\/2024\/11\/DSC_5607-scaled.jpg\" data-link=\"http:\/\/choraledes2caps.fr\/site\/index.php\/2024\/11\/16\/marche-de-noel-a-wissant-1er-decembre-2024\/dsc_5607\/\" class=\"wp-image-3943\" srcset=\"http:\/\/choraledes2caps.fr\/site\/wp-content\/uploads\/2024\/11\/DSC_5607-1024x683.jpg 1024w, http:\/\/choraledes2caps.fr\/site\/wp-content\/uploads\/2024\/11\/DSC_5607-300x200.jpg 300w, http:\/\/choraledes2caps.fr\/site\/wp-content\/uploads\/2024\/11\/DSC_5607-768x512.jpg 768w, http:\/\/choraledes2caps.fr\/site\/wp-content\/uploads\/2024\/11\/DSC_5607-1536x1024.jpg 1536w, http:\/\/choraledes2caps.fr\/site\/wp-content\/uploads\/2024\/11\/DSC_5607-2048x1365.jpg 2048w\" sizes=\"(max-width: 767px) 89vw, (max-width: 1000px) 54vw, (max-width: 1071px) 543px, 580px\" \/><\/figure><\/li><li class=\"blocks-gallery-item\"><figure><img decoding=\"async\" loading=\"lazy\" width=\"1024\" height=\"683\" src=\"http:\/\/choraledes2caps.fr\/site\/wp-content\/uploads\/2024\/11\/DSC_5630-1024x683.jpg\" alt=\"\" data-id=\"3950\" data-full-url=\"http:\/\/choraledes2caps.fr\/site\/wp-content\/uploads\/2024\/11\/DSC_5630-scaled.jpg\" data-link=\"http:\/\/choraledes2caps.fr\/site\/index.php\/2024\/11\/16\/marche-de-noel-a-wissant-1er-decembre-2024\/dsc_5630\/\" class=\"wp-image-3950\" srcset=\"http:\/\/choraledes2caps.fr\/site\/wp-content\/uploads\/2024\/11\/DSC_5630-1024x683.jpg 1024w, http:\/\/choraledes2caps.fr\/site\/wp-content\/uploads\/2024\/11\/DSC_5630-300x200.jpg 300w, http:\/\/choraledes2caps.fr\/site\/wp-content\/uploads\/2024\/11\/DSC_5630-768x512.jpg 768w, http:\/\/choraledes2caps.fr\/site\/wp-content\/uploads\/2024\/11\/DSC_5630-1536x1024.jpg 1536w, http:\/\/choraledes2caps.fr\/site\/wp-content\/uploads\/2024\/11\/DSC_5630-2048x1365.jpg 2048w\" sizes=\"(max-width: 767px) 89vw, (max-width: 1000px) 54vw, (max-width: 1071px) 543px, 580px\" \/><\/figure><\/li><li class=\"blocks-gallery-item\"><figure><img decoding=\"async\" loading=\"lazy\" width=\"1024\" height=\"683\" src=\"http:\/\/choraledes2caps.fr\/site\/wp-content\/uploads\/2024\/11\/DSC_5647-1024x683.jpg\" alt=\"\" data-id=\"3948\" data-full-url=\"http:\/\/choraledes2caps.fr\/site\/wp-content\/uploads\/2024\/11\/DSC_5647-scaled.jpg\" data-link=\"http:\/\/choraledes2caps.fr\/site\/index.php\/2024\/11\/16\/marche-de-noel-a-wissant-1er-decembre-2024\/dsc_5647\/\" class=\"wp-image-3948\" srcset=\"http:\/\/choraledes2caps.fr\/site\/wp-content\/uploads\/2024\/11\/DSC_5647-1024x683.jpg 1024w, http:\/\/choraledes2caps.fr\/site\/wp-content\/uploads\/2024\/11\/DSC_5647-300x200.jpg 300w, http:\/\/choraledes2caps.fr\/site\/wp-content\/uploads\/2024\/11\/DSC_5647-768x512.jpg 768w, http:\/\/choraledes2caps.fr\/site\/wp-content\/uploads\/2024\/11\/DSC_5647-1536x1024.jpg 1536w, http:\/\/choraledes2caps.fr\/site\/wp-content\/uploads\/2024\/11\/DSC_5647-2048x1365.jpg 2048w\" sizes=\"(max-width: 767px) 89vw, (max-width: 1000px) 54vw, (max-width: 1071px) 543px, 580px\" \/><\/figure><\/li><li class=\"blocks-gallery-item\"><figure><img decoding=\"async\" loading=\"lazy\" width=\"1024\" height=\"472\" src=\"http:\/\/choraledes2caps.fr\/site\/wp-content\/uploads\/2024\/11\/IMG-20241203-WA0001-1024x472.jpg\" alt=\"\" data-id=\"3955\" data-full-url=\"http:\/\/choraledes2caps.fr\/site\/wp-content\/uploads\/2024\/11\/IMG-20241203-WA0001.jpg\" data-link=\"http:\/\/choraledes2caps.fr\/site\/index.php\/2024\/11\/16\/marche-de-noel-a-wissant-1er-decembre-2024\/img-20241203-wa0001\/\" class=\"wp-image-3955\" srcset=\"http:\/\/choraledes2caps.fr\/site\/wp-content\/uploads\/2024\/11\/IMG-20241203-WA0001-1024x472.jpg 1024w, http:\/\/choraledes2caps.fr\/site\/wp-content\/uploads\/2024\/11\/IMG-20241203-WA0001-300x138.jpg 300w, http:\/\/choraledes2caps.fr\/site\/wp-content\/uploads\/2024\/11\/IMG-20241203-WA0001-768x354.jpg 768w, http:\/\/choraledes2caps.fr\/site\/wp-content\/uploads\/2024\/11\/IMG-20241203-WA0001-1536x709.jpg 1536w, http:\/\/choraledes2caps.fr\/site\/wp-content\/uploads\/2024\/11\/IMG-20241203-WA0001.jpg 2016w\" sizes=\"(max-width: 767px) 89vw, (max-width: 1000px) 54vw, (max-width: 1071px) 543px, 580px\" \/><\/figure><\/li><\/ul><\/figure>\n","protected":false},"excerpt":{"rendered":"<p>La section Ev\u00e9nements de l\u2019association Arts et Culture en Pays de Wissant (ACPW), dont la Chorale des 2 Caps est une section, organise son traditionnel march\u00e9 de No\u00ebl le dimanche 1er d\u00e9cembre, dans la salle des f\u00eates de Wissant. La section Ev\u00e9nements proposera buvette et petite restauration, la section Patchwork, les travaux de couture et &hellip; <\/p>\n<p class=\"link-more\"><a href=\"http:\/\/choraledes2caps.fr\/site\/index.php\/2024\/11\/16\/marche-de-noel-a-wissant-1er-decembre-2024\/\" class=\"more-link\">Continuer la lecture<span class=\"screen-reader-text\"> de &laquo;&nbsp;March\u00e9 de No\u00ebl \u00e0 Wissant 1er d\u00e9cembre 2024&nbsp;&raquo;<\/span><\/a><\/p>\n","protected":false},"author":1,"featured_media":0,"comment_status":"closed","ping_status":"","sticky":false,"template":"","format":"standard","meta":[],"categories":[28,16,32],"tags":[],"_links":{"self":[{"href":"http:\/\/choraledes2caps.fr\/site\/index.php\/wp-json\/wp\/v2\/posts\/3877"}],"collection":[{"href":"http:\/\/choraledes2caps.fr\/site\/index.php\/wp-json\/wp\/v2\/posts"}],"about":[{"href":"http:\/\/choraledes2caps.fr\/site\/index.php\/wp-json\/wp\/v2\/types\/post"}],"author":[{"embeddable":true,"href":"http:\/\/choraledes2caps.fr\/site\/index.php\/wp-json\/wp\/v2\/users\/1"}],"replies":[{"embeddable":true,"href":"http:\/\/choraledes2caps.fr\/site\/index.php\/wp-json\/wp\/v2\/comments?post=3877"}],"version-history":[{"count":10,"href":"http:\/\/choraledes2caps.fr\/site\/index.php\/wp-json\/wp\/v2\/posts\/3877\/revisions"}],"predecessor-version":[{"id":3977,"href":"http:\/\/choraledes2caps.fr\/site\/index.php\/wp-json\/wp\/v2\/posts\/3877\/revisions\/3977"}],"wp:attachment":[{"href":"http:\/\/choraledes2caps.fr\/site\/index.php\/wp-json\/wp\/v2\/media?parent=3877"}],"wp:term":[{"taxonomy":"category","embeddable":true,"href":"http:\/\/choraledes2caps.fr\/site\/index.php\/wp-json\/wp\/v2\/categories?post=3877"},{"taxonomy":"post_tag","embeddable":true,"href":"http:\/\/choraledes2caps.fr\/site\/index.php\/wp-json\/wp\/v2\/tags?post=3877"}],"curies":[{"name":"wp","href":"https:\/\/api.w.org\/{rel}","templated":true}]}}