{"id":2867,"date":"2023-09-08T08:26:29","date_gmt":"2023-09-08T06:26:29","guid":{"rendered":"http:\/\/choraledes2caps.fr\/site\/?p=2867"},"modified":"2024-06-13T20:58:47","modified_gmt":"2024-06-13T18:58:47","slug":"2867","status":"publish","type":"post","link":"http:\/\/choraledes2caps.fr\/site\/index.php\/2023\/09\/08\/2867\/","title":{"rendered":"Programme 2023-2024"},"content":{"rendered":"\n<p><strong>A Tr\u00e9gat\u00e9<\/strong> <em>(Trad. breton, arrt Manuel Coley)<\/em><\/p>\n\n\n\n<p><strong>Memento<\/strong> <em>(Federico Garcia Lorca, Mario Castelnuovo Tedesco)<\/em><\/p>\n\n\n\n<p><strong>Fatou yo<\/strong> <em>(Traditionnel africain)<\/em><\/p>\n\n\n\n<p><strong>Un jour, un enfant<\/strong><em> (Marnay, Stern, Harm. Boutilliers)<\/em><\/p>\n\n\n\n<p><strong>Les r\u00eaves sont en nous<\/strong> <em>(Pierre Rapsa<\/em>t<em>, Harm. Bilquin)<\/em><\/p>\n\n\n\n<p><strong>Au clair de la lune<\/strong>  <em>(Ang\u00e8le Raviz\u00e9)<\/em><\/p>\n\n\n\n<p><strong>Salmo 150<\/strong> <em>(Aguiar)<\/em><\/p>\n\n\n\n<p><strong>Siyahamba<\/strong><em> (Afrique du Sud)<\/em><\/p>\n\n\n\n<p><strong>\u00c0 la claire fontaine<\/strong> <em>(Traditionnel, Harm. Garcin)<\/em><\/p>\n\n\n\n<p><strong>Ah ! le tango corse<\/strong><em> (Pirault, Vastano, Harm. Ott)<\/em><\/p>\n\n\n\n<p><strong>Shosholoza<\/strong> <em>(Traditionnel Afrique du Sud)<\/em><\/p>\n\n\n\n<p><strong>Evening Rise<\/strong> <em>(Traditionnel Am\u00e9rindien)<\/em><\/p>\n\n\n\n<p><strong>Andro des hirondelles<\/strong> <em>(Trad. breton, arrt Manuel Coley)<\/em><\/p>\n\n\n\n<p><strong>Banaha<\/strong>  <em>(Chant populaire du Congo)<\/em><\/p>\n\n\n\n<p><strong>Hava naguila<\/strong> <em>(Chant populaire d&rsquo;Isra\u00ebl)<\/em><\/p>\n","protected":false},"excerpt":{"rendered":"<p>A Tr\u00e9gat\u00e9 (Trad. breton, arrt Manuel Coley) Memento (Federico Garcia Lorca, Mario Castelnuovo Tedesco) Fatou yo (Traditionnel africain) Un jour, un enfant (Marnay, Stern, Harm. Boutilliers) Les r\u00eaves sont en nous (Pierre Rapsat, Harm. Bilquin) Au clair de la lune (Ang\u00e8le Raviz\u00e9) Salmo 150 (Aguiar) Siyahamba (Afrique du Sud) \u00c0 la claire fontaine (Traditionnel, Harm. &hellip; <\/p>\n<p class=\"link-more\"><a href=\"http:\/\/choraledes2caps.fr\/site\/index.php\/2023\/09\/08\/2867\/\" class=\"more-link\">Continuer la lecture<span class=\"screen-reader-text\"> de &laquo;&nbsp;Programme 2023-2024&nbsp;&raquo;<\/span><\/a><\/p>\n","protected":false},"author":1,"featured_media":0,"comment_status":"closed","ping_status":"","sticky":false,"template":"","format":"standard","meta":[],"categories":[9],"tags":[],"_links":{"self":[{"href":"http:\/\/choraledes2caps.fr\/site\/index.php\/wp-json\/wp\/v2\/posts\/2867"}],"collection":[{"href":"http:\/\/choraledes2caps.fr\/site\/index.php\/wp-json\/wp\/v2\/posts"}],"about":[{"href":"http:\/\/choraledes2caps.fr\/site\/index.php\/wp-json\/wp\/v2\/types\/post"}],"author":[{"embeddable":true,"href":"http:\/\/choraledes2caps.fr\/site\/index.php\/wp-json\/wp\/v2\/users\/1"}],"replies":[{"embeddable":true,"href":"http:\/\/choraledes2caps.fr\/site\/index.php\/wp-json\/wp\/v2\/comments?post=2867"}],"version-history":[{"count":32,"href":"http:\/\/choraledes2caps.fr\/site\/index.php\/wp-json\/wp\/v2\/posts\/2867\/revisions"}],"predecessor-version":[{"id":3488,"href":"http:\/\/choraledes2caps.fr\/site\/index.php\/wp-json\/wp\/v2\/posts\/2867\/revisions\/3488"}],"wp:attachment":[{"href":"http:\/\/choraledes2caps.fr\/site\/index.php\/wp-json\/wp\/v2\/media?parent=2867"}],"wp:term":[{"taxonomy":"category","embeddable":true,"href":"http:\/\/choraledes2caps.fr\/site\/index.php\/wp-json\/wp\/v2\/categories?post=2867"},{"taxonomy":"post_tag","embeddable":true,"href":"http:\/\/choraledes2caps.fr\/site\/index.php\/wp-json\/wp\/v2\/tags?post=2867"}],"curies":[{"name":"wp","href":"https:\/\/api.w.org\/{rel}","templated":true}]}}