{"id":2614,"date":"2023-02-03T12:02:54","date_gmt":"2023-02-03T11:02:54","guid":{"rendered":"http:\/\/choraledes2caps.fr\/site\/?p=2614"},"modified":"2026-03-06T05:11:33","modified_gmt":"2026-03-06T04:11:33","slug":"la-fenetre-musicale","status":"publish","type":"post","link":"http:\/\/choraledes2caps.fr\/site\/index.php\/2023\/02\/03\/la-fenetre-musicale\/","title":{"rendered":"La fen\u00eatre musicale"},"content":{"rendered":"\n<p class=\"has-text-align-left\"><strong><em><span class=\"has-inline-color has-vivid-green-cyan-color\">Des suggestions en lien avec la musique<\/span> <\/em><\/strong><\/p>\n\n\n\n<h2 class=\"has-text-align-center wp-block-heading\"><strong>Hommage \u00e0 Jos\u00e9 van Dam <\/strong><\/h2>\n\n\n\n<p>Jos\u00e9 van Dam, baryton-basse belge dont le talent \u00e9tait mondialement reconnu, s&rsquo;est \u00e9teint le 17 f\u00e9vrier 2026 \u00e0 l&rsquo;\u00e2ge de 85 ans. <br>Les multiples hommages qui lui sont rendus sont \u00e0 la mesure de son talent. Voici quelques exemples :<\/p>\n\n\n\n<p><strong>Arte concert diffuse les adieux \u00e0 la sc\u00e8ne de Jos\u00e9 van Dam le 8 mai 2010, dans <em>Don Quichotte<\/em> de Jules Massenet au Th\u00e9\u00e2tre de La Monnaie de Bruxelles.<br>En ligne gratuitement jusqu&rsquo;au 22 mars 2026 :<\/strong><br><br><a href=\"https:\/\/www.arte.tv\/fr\/videos\/044688-000-A\/jose-van-dam-dans-don-quichotte\/\">https:\/\/www.arte.tv\/fr\/videos\/044688-000-A\/jose-van-dam-dans-don-quichotte\/<\/a><\/p>\n\n\n\n<figure class=\"wp-block-image size-large\"><img decoding=\"async\" loading=\"lazy\" width=\"1024\" height=\"553\" src=\"http:\/\/choraledes2caps.fr\/site\/wp-content\/uploads\/2026\/02\/Jose-van-Dam-Don-Quichotte-Arte-3-1024x553.jpg\" alt=\"\" class=\"wp-image-5441\" srcset=\"http:\/\/choraledes2caps.fr\/site\/wp-content\/uploads\/2026\/02\/Jose-van-Dam-Don-Quichotte-Arte-3-1024x553.jpg 1024w, http:\/\/choraledes2caps.fr\/site\/wp-content\/uploads\/2026\/02\/Jose-van-Dam-Don-Quichotte-Arte-3-300x162.jpg 300w, http:\/\/choraledes2caps.fr\/site\/wp-content\/uploads\/2026\/02\/Jose-van-Dam-Don-Quichotte-Arte-3-768x415.jpg 768w, http:\/\/choraledes2caps.fr\/site\/wp-content\/uploads\/2026\/02\/Jose-van-Dam-Don-Quichotte-Arte-3.jpg 1152w\" sizes=\"(max-width: 767px) 89vw, (max-width: 1000px) 54vw, (max-width: 1071px) 543px, 580px\" \/><figcaption>Capture d&rsquo;\u00e9cran (site Arte concert)<\/figcaption><\/figure>\n\n\n\n<p><a href=\"https:\/\/www.radiofrance.fr\/francemusique\/podcasts\/au-fil-de-l-actu\/hommages-a-jose-van-dam-il-etait-la-perfection-du-chant-8553895\">https:\/\/www.radiofrance.fr\/francemusique\/podcasts\/au-fil-de-l-actu\/hommages-a-jose-van-dam-il-etait-la-perfection-du-chant-8553895<\/a><br><br><a href=\"https:\/\/www.radiofrance.fr\/francemusique\/ludovic-tezier-rend-hommage-a-jose-van-dam-1783193\">https:\/\/www.radiofrance.fr\/francemusique\/ludovic-tezier-rend-hommage-a-jose-van-dam-1783193<\/a><br><br><a href=\"https:\/\/www.radiofrance.fr\/francemusique\/podcasts\/serie-jose-van-dam-l-ame-du-chant\">https:\/\/www.radiofrance.fr\/francemusique\/podcasts\/serie-jose-van-dam-l-ame-du-chant<\/a><\/p>\n\n\n\n<h2 class=\"has-text-align-center wp-block-heading\"><strong>Farinelli, un castrat de l\u00e9gende<\/strong><\/h2>\n\n\n\n<p>\u00ab\u00a0Le contre-t\u00e9nor Philippe Jaroussky revient sur l\u2019histoire d\u2019un chanteur \u00e0 la voix et au destin unique.\u00a0\u00bb<br>\u00c0 \u00e9couter et lire sur France Musique :<br><br><a href=\"https:\/\/www.radiofrance.fr\/francemusique\/farinelli-un-castrat-de-legende-par-philippe-jaroussky-3823327\">https:\/\/www.radiofrance.fr\/francemusique\/farinelli-un-castrat-de-legende-par-philippe-jaroussky-3823327<\/a> <\/p>\n\n\n\n<figure class=\"wp-block-image size-full\"><img decoding=\"async\" loading=\"lazy\" width=\"1200\" height=\"680\" src=\"http:\/\/choraledes2caps.fr\/site\/wp-content\/uploads\/2026\/02\/Farinelli.webp\" alt=\"\" class=\"wp-image-5436\"\/><figcaption>Stefano Dionisi incarne le c\u00e9l\u00e8bre castrat Farinelli dans le film \u00e9ponyme du r\u00e9alisateur Gerard Corbiau \u00a9 Getty &#8211; Jean Marie Leroy (site de France musique)<\/figcaption><\/figure>\n\n\n\n<h2 class=\"has-text-align-center wp-block-heading\"><strong>Le Grand choral de Bernard Lavilliers : Les mains d&rsquo;or<\/strong><\/h2>\n\n\n\n<figure class=\"wp-block-embed is-type-video is-provider-youtube wp-block-embed-youtube wp-embed-aspect-16-9 wp-has-aspect-ratio\"><div class=\"wp-block-embed__wrapper\">\n<iframe loading=\"lazy\" title=\"Le Grand choral de Bernard Lavilliers - Les mains d&#039;or (avec Mino Cinelu)\" width=\"525\" height=\"295\" src=\"https:\/\/www.youtube.com\/embed\/WlXWxOw5Bck?feature=oembed\" frameborder=\"0\" allow=\"accelerometer; autoplay; clipboard-write; encrypted-media; gyroscope; picture-in-picture; web-share\" referrerpolicy=\"strict-origin-when-cross-origin\" allowfullscreen><\/iframe>\n<\/div><\/figure>\n\n\n\n<p>Bernard Lavilliers, parrain des Nuits de Champagne 2024, raconte son aventure du Grand Choral : <br><a href=\"https:\/\/www.youtube.com\/watch?v=qaL5SPyPzdc\">https:\/\/www.youtube.com\/watch?v=qaL5SPyPzdc<\/a><\/p>\n\n\n\n<figure class=\"wp-block-embed is-type-video is-provider-youtube wp-block-embed-youtube wp-embed-aspect-16-9 wp-has-aspect-ratio\"><div class=\"wp-block-embed__wrapper\">\n<iframe loading=\"lazy\" title=\"Mini Doc - BERNARD LAVILLIERS et l&#039;aventure du Grand Choral \u2728\" width=\"525\" height=\"295\" src=\"https:\/\/www.youtube.com\/embed\/qaL5SPyPzdc?feature=oembed\" frameborder=\"0\" allow=\"accelerometer; autoplay; clipboard-write; encrypted-media; gyroscope; picture-in-picture; web-share\" referrerpolicy=\"strict-origin-when-cross-origin\" allowfullscreen><\/iframe>\n<\/div><\/figure>\n\n\n\n<h2 class=\"has-text-align-center wp-block-heading\"><strong>Voix, cordes et orgue en Lettonie<\/strong><\/h2>\n\n\n\n<p>\u00ab\u00a0Lente, douce, myst\u00e9rieuse : la musique de P\u0113teris Vasks semble hors du temps. Figure majeure de la cr\u00e9ation contemporaine, le compositeur fusionne avec une rare \u00e9l\u00e9gance traditions lettones et univers musicaux d\u2019Europe occidentale. La musique chorale joue un r\u00f4le central dans son \u0153uvre, comme en t\u00e9moigne ce concert associant voix, cordes et orgue\u00a0\u00bb (site d&rsquo;Arte). Le concert est en ligne sur Arte Concert jusqu&rsquo;au 16 juin 2026 :<br><br><a href=\"https:\/\/www.arte.tv\/fr\/videos\/128805-000-A\/peteris-vasks-the-fruit-of-silence\/\">https:\/\/www.arte.tv\/fr\/videos\/128805-000-A\/peteris-vasks-the-fruit-of-silence\/<\/a><\/p>\n\n\n\n<h2 class=\"has-text-align-center wp-block-heading\"><strong>Les choeurs \u00e0 l&rsquo;op\u00e9ra<\/strong><\/h2>\n\n\n\n<figure class=\"wp-block-embed is-type-video is-provider-youtube wp-block-embed-youtube wp-embed-aspect-16-9 wp-has-aspect-ratio\"><div class=\"wp-block-embed__wrapper\">\n<iframe loading=\"lazy\" title=\"Les ch\u0153urs, grands oubli\u00e9s de l\u2019op\u00e9ra ?\" width=\"525\" height=\"295\" src=\"https:\/\/www.youtube.com\/embed\/UrP12CDBbN4?feature=oembed\" frameborder=\"0\" allow=\"accelerometer; autoplay; clipboard-write; encrypted-media; gyroscope; picture-in-picture; web-share\" referrerpolicy=\"strict-origin-when-cross-origin\" allowfullscreen><\/iframe>\n<\/div><\/figure>\n\n\n\n<h2 class=\"has-text-align-center wp-block-heading\"><strong>\u00ab\u00a0Les duos d&rsquo;amour&nbsp;: quand la musique fait dialoguer les c\u0153urs\u00a0\u00bb<\/strong><\/h2>\n\n\n\n<p>\u00ab\u00a0Par Anne-Charlotte R\u00e9mond . Des premiers \u00e9changes amoureux dans l&rsquo;op\u00e9ra baroque aux passions d\u00e9chirantes du 20e si\u00e8cle, cette s\u00e9rie retrace l&rsquo;\u00e9volution du duo d&rsquo;amour en musique \u00e0 travers les si\u00e8cles.\u00a0\u00bb (Site de France musique)<br><br><a href=\"https:\/\/www.radiofrance.fr\/francemusique\/podcasts\/serie-les-duos-d-amour-quand-la-musique-fait-dialoguer-les-coeurs\"><strong>https:\/\/www.radiofrance.fr\/francemusique\/podcasts\/serie-les-duos-d-amour-quand-la-musique-fait-dialoguer-les-coeurs<\/strong><\/a><\/p>\n\n\n\n<div class=\"wp-block-image\"><figure class=\"aligncenter size-full is-resized\"><img decoding=\"async\" loading=\"lazy\" src=\"http:\/\/choraledes2caps.fr\/site\/wp-content\/uploads\/2025\/11\/Duos-damour-France-musique.webp\" alt=\"\" class=\"wp-image-4657\" width=\"500\" height=\"283\"\/><figcaption>Site de France musique<\/figcaption><\/figure><\/div>\n\n\n\n<h2 class=\"has-text-align-center wp-block-heading\"><strong>\u00ab\u00a0Les plus beaux airs\u00a0\u00bb (chant lyrique)<\/strong><\/h2>\n\n\n\n<p>A d\u00e9couvrir en dix \u00e9pisodes de quelques minutes, sur France musique :<br> \u00ab\u00a0Des motets majestueux de Bach aux \u00e9motions intimes de Rachmaninov, des djinns de Faur\u00e9 aux arias de Puccini, de la fl\u00fbte enchant\u00e9e de Ravel aux barcarolles d\u2019Offenbach : cette playlist r\u00e9unit les plus beaux airs de la musique, o\u00f9 chaque note caresse, \u00e9l\u00e8ve et fait vibrer le c\u0153ur\u00a0\u00bb. (Site de France musique)<br><br><a href=\"https:\/\/www.radiofrance.fr\/francemusique\/podcasts\/selection-playlist-les-plus-beaux-airs\"><strong>https:\/\/www.radiofrance.fr\/francemusique\/podcasts\/selection-playlist-les-plus-beaux-airs<\/strong><\/a><\/p>\n\n\n\n<h2 class=\"has-text-align-center wp-block-heading\"><strong>Incarner la Reine de la nuit<\/strong><\/h2>\n\n\n\n<p>La soprano <strong>Sabine Devieilhe<\/strong> explique de fa\u00e7on magistrale \u00ab\u00a0l&rsquo;incarnation\u00a0\u00bb de la<strong> Reine de la nuit<\/strong> dans \u00ab\u00a0La Fl\u00fbte enchant\u00e9e\u00a0\u00bb de Mozart :<br><br><a href=\"https:\/\/www.radiofrance.fr\/francemusique\/incarner-la-reine-de-la-nuit-avec-sabine-devieilhe-2228203\"><strong>https:\/\/www.radiofrance.fr\/francemusique\/incarner-la-reine-de-la-nuit-avec-sabine-devieilhe-2228203<\/strong><\/a><br> <\/p>\n\n\n\n<figure class=\"wp-block-embed is-type-video is-provider-youtube wp-block-embed-youtube wp-embed-aspect-16-9 wp-has-aspect-ratio\"><div class=\"wp-block-embed__wrapper\">\n<iframe loading=\"lazy\" title=\"La Reine de la nuit de Mozart, d\u00e9crypt\u00e9e par Sabine Devieilhe\" width=\"525\" height=\"295\" src=\"https:\/\/www.youtube.com\/embed\/nhGKn3IBGts?start=319&#038;feature=oembed\" frameborder=\"0\" allow=\"accelerometer; autoplay; clipboard-write; encrypted-media; gyroscope; picture-in-picture; web-share\" referrerpolicy=\"strict-origin-when-cross-origin\" allowfullscreen><\/iframe>\n<\/div><\/figure>\n\n\n\n<h2 class=\"has-text-align-center wp-block-heading\"><strong>L&rsquo;Op\u00e9ra et ses Zouz<\/strong><\/h2>\n\n\n\n<p><strong>\u00ab\u00a0Un op\u00e9ra, quand tu le r\u00e9sumes, c&rsquo;est comme les feux de l&rsquo;amour\u00a0\u00bb<\/strong> (sur le site YouTube).<br><br><a href=\"https:\/\/www.youtube.com\/c\/Lop%C3%A9raetseszouz\"><strong>https:\/\/www.youtube.com\/c\/Lop%C3%A9raetseszouz<\/strong><\/a><br><br>Mia Mandineau, jeune soprano fran\u00e7aise, partage sa passion de l&rsquo;op\u00e9ra \u00e0 travers de courtes vid\u00e9os p\u00e9dagogiques, pleines d&rsquo;humour, parfois d\u00e9jant\u00e9es. Gr\u00e2ce \u00e0 elle, l&rsquo;op\u00e9ra ne semble plus inaccessible, ennuyeux, \u00e9litiste&#8230;  <br>\u00ab\u00a0<strong>J&rsquo;t&rsquo;explique<\/strong> les voix\u00a0\u00bb,  \u00ab\u00a0<strong>J&rsquo;te r\u00e9sume<\/strong> Carmen ou Les Contes d&rsquo;Hoffmann\u00a0\u00bb, par exemple, en quelques minutes, des vid\u00e9os pleines de fra\u00eecheur qui invitent \u00e0 la d\u00e9couverte. <\/p>\n\n\n\n<figure class=\"wp-block-embed is-type-video is-provider-youtube wp-block-embed-youtube wp-embed-aspect-16-9 wp-has-aspect-ratio\"><div class=\"wp-block-embed__wrapper\">\n<iframe loading=\"lazy\" title=\"J&#039;T&#039;EXPLIQUE - Les voix\" width=\"525\" height=\"295\" src=\"https:\/\/www.youtube.com\/embed\/a6xe_PuDgT4?start=195&#038;feature=oembed\" frameborder=\"0\" allow=\"accelerometer; autoplay; clipboard-write; encrypted-media; gyroscope; picture-in-picture; web-share\" referrerpolicy=\"strict-origin-when-cross-origin\" allowfullscreen><\/iframe>\n<\/div><\/figure>\n\n\n\n<figure class=\"wp-block-embed is-type-video is-provider-youtube wp-block-embed-youtube wp-embed-aspect-16-9 wp-has-aspect-ratio\"><div class=\"wp-block-embed__wrapper\">\n<iframe loading=\"lazy\" title=\"J&#039;TE R\u00c9SUME - Les Contes d&#039;Hoffmann\" width=\"525\" height=\"295\" src=\"https:\/\/www.youtube.com\/embed\/OX4hbORNBgQ?feature=oembed\" frameborder=\"0\" allow=\"accelerometer; autoplay; clipboard-write; encrypted-media; gyroscope; picture-in-picture; web-share\" referrerpolicy=\"strict-origin-when-cross-origin\" allowfullscreen><\/iframe>\n<\/div><\/figure>\n\n\n\n<h2 class=\"has-text-align-center wp-block-heading\"><strong>Les voix de femmes \u00e0 l&rsquo;op\u00e9ra<\/strong><\/h2>\n\n\n\n<p> <strong>Soprano, mezzo-soprano, contralto<\/strong> : familiariser son oreille aux diff\u00e9rentes voix de femmes \u00e0 l&rsquo;op\u00e9ra, c&rsquo;est ce que propose Cl\u00e9mence Guinard sur France Musique, dans un article illustr\u00e9 de vid\u00e9os : <br><br><a href=\"https:\/\/www.radiofrance.fr\/francemusique\/soprano-mezzo-soprano-contralto-quelles-sont-les-voix-de-femmes-a-l-opera-2825227\"><strong>https:\/\/www.radiofrance.fr\/francemusique\/soprano-mezzo-soprano-contralto-quelles-sont-les-voix-de-femmes-a-l-opera-2825227<\/strong><\/a><\/p>\n\n\n\n<figure class=\"wp-block-embed is-type-video is-provider-youtube wp-block-embed-youtube wp-embed-aspect-16-9 wp-has-aspect-ratio\"><div class=\"wp-block-embed__wrapper\">\n<iframe loading=\"lazy\" title=\"Connaissez-vous les diff\u00e9rences entre soprano, mezzo-soprano, contralto ?\" width=\"525\" height=\"295\" src=\"https:\/\/www.youtube.com\/embed\/gKp0nCeaKJU?start=13&#038;feature=oembed\" frameborder=\"0\" allow=\"accelerometer; autoplay; clipboard-write; encrypted-media; gyroscope; picture-in-picture; web-share\" referrerpolicy=\"strict-origin-when-cross-origin\" allowfullscreen><\/iframe>\n<\/div><\/figure>\n\n\n\n<p><br><\/p>\n\n\n\n<h2 class=\"has-text-align-center wp-block-heading\"><strong>Histoires de voix<\/strong><\/h2>\n\n\n\n<p><strong>\u00ab&nbsp;Histoires de voix&nbsp;\u00bb, sur France Inter : une s\u00e9rie qui donne envie de chanter<\/strong>. En neuf volets, l\u2019\u00e9mission explore, \u00e0 travers des interviews d\u2019acteurs et de chanteurs m\u00eal\u00e9es \u00e0 des entretiens d\u2019archives et \u00e0 des extraits musicaux, les pouvoirs de la voix\u00a0\u00bb : c&rsquo;est ainsi que  Emilie Grangeray sur le site du Monde pr\u00e9sente cette s\u00e9rie estivale (<a href=\"https:\/\/www.lemonde.fr\/culture\/article\/2025\/07\/07\/histoires-de-voix-sur-france-inter-une-serie-qui-donne-envie-de-chanter_6619659_3246.html\">https:\/\/www.lemonde.fr\/culture\/article\/2025\/07\/07\/histoires-de-voix-sur-france-inter-une-serie-qui-donne-envie-de-chanter_6619659_3246.html<\/a>)<br><br><a href=\"https:\/\/www.radiofrance.fr\/franceinter\/podcasts\/serie-histoires-de-voix\"><strong>https:\/\/www.radiofrance.fr\/franceinter\/podcasts\/serie-histoires-de-voix<\/strong><\/a><\/p>\n\n\n\n<div class=\"wp-block-image\"><figure class=\"aligncenter size-medium\"><img decoding=\"async\" loading=\"lazy\" width=\"300\" height=\"300\" src=\"http:\/\/choraledes2caps.fr\/site\/wp-content\/uploads\/2025\/07\/400x400_sc_carre-300x300.jpg\" alt=\"\" class=\"wp-image-4420\" srcset=\"http:\/\/choraledes2caps.fr\/site\/wp-content\/uploads\/2025\/07\/400x400_sc_carre-300x300.jpg 300w, http:\/\/choraledes2caps.fr\/site\/wp-content\/uploads\/2025\/07\/400x400_sc_carre-150x150.jpg 150w, http:\/\/choraledes2caps.fr\/site\/wp-content\/uploads\/2025\/07\/400x400_sc_carre-100x100.jpg 100w, http:\/\/choraledes2caps.fr\/site\/wp-content\/uploads\/2025\/07\/400x400_sc_carre.jpg 400w\" sizes=\"(max-width: 300px) 100vw, 300px\" \/><figcaption>Site de France inter<\/figcaption><\/figure><\/div>\n\n\n\n<h2 class=\"has-text-align-center wp-block-heading\"><strong>Natalie Dessay, de l&rsquo;op\u00e9ra \u00e0 la com\u00e9die musicale<\/strong><\/h2>\n\n\n\n<p>Natalie Dessay raconte, en 6 minutes, son parcours musical aux multiples facettes ; un r\u00e9sum\u00e9 qui suscite l&rsquo;envie de faire plus ample connaissance :<br><br><strong><a href=\"https:\/\/www.radiofrance.fr\/francemusique\/natalie-dessay-chanteuse-multifacettes-4352069\">https:\/\/www.radiofrance.fr\/francemusique\/natalie-dessay-chanteuse-multifacettes-4352069<\/a><br><\/strong><\/p>\n\n\n\n<figure class=\"wp-block-embed is-type-video is-provider-youtube wp-block-embed-youtube wp-embed-aspect-16-9 wp-has-aspect-ratio\"><div class=\"wp-block-embed__wrapper\">\n<iframe loading=\"lazy\" title=\"Natalie Dessay, de l&#039;op\u00e9ra \u00e0 la com\u00e9die musicale - Culture Prime\" width=\"525\" height=\"295\" src=\"https:\/\/www.youtube.com\/embed\/KvZuoAOMLsw?start=2&#038;feature=oembed\" frameborder=\"0\" allow=\"accelerometer; autoplay; clipboard-write; encrypted-media; gyroscope; picture-in-picture; web-share\" referrerpolicy=\"strict-origin-when-cross-origin\" allowfullscreen><\/iframe>\n<\/div><\/figure>\n\n\n\n<h2 class=\"has-text-align-center wp-block-heading\"><strong>Seguidillas y fandango de Jos\u00e9 de Nebra<\/strong><\/h2>\n\n\n\n<p>Jos\u00e9 de Nebra est un compositeur et organiste espagnol du 18e si\u00e8cle \u00e0 d\u00e9couvrir :<\/p>\n\n\n\n<figure class=\"wp-block-embed is-type-video is-provider-youtube wp-block-embed-youtube wp-embed-aspect-16-9 wp-has-aspect-ratio\"><div class=\"wp-block-embed__wrapper\">\n<iframe loading=\"lazy\" title=\"Jos\u00e9 de Nebra: Seguidillas y fandango (1756). Los M\u00fasicos de Su Alteza\" width=\"525\" height=\"295\" src=\"https:\/\/www.youtube.com\/embed\/5BqokelLaXA?feature=oembed\" frameborder=\"0\" allow=\"accelerometer; autoplay; clipboard-write; encrypted-media; gyroscope; picture-in-picture; web-share\" referrerpolicy=\"strict-origin-when-cross-origin\" allowfullscreen><\/iframe>\n<\/div><\/figure>\n\n\n\n<h2 class=\"has-text-align-center wp-block-heading\"><strong>Gloria RV 589 de Vivaldi<\/strong><\/h2>\n\n\n\n<p>\u00ab\u00a0L&rsquo;Ensemble Pulcinella, la Ma\u00eetrise de Radio France et la violoncelliste Oph\u00e9lie Gaillard jouent le <strong>Gloria de Vivaldi sous la direction de Sofi Jeannin<\/strong>\u00a0\u00bb (Site de France Musique)<br><br><a href=\"https:\/\/www.radiofrance.fr\/francemusique\/concerts\/le-gloria-de-vivaldi-par-l-ensemble-pulcinella-la-maitrise-de-rf-et-ophelie-gaillard\/vivaldi-gloria-rv-589-3139315\">https:\/\/www.radiofrance.fr\/francemusique\/concerts\/le-gloria-de-vivaldi-par-l-ensemble-pulcinella-la-maitrise-de-rf-et-ophelie-gaillard\/vivaldi-gloria-rv-589-3139315<\/a><\/p>\n\n\n\n<figure class=\"wp-block-gallery columns-3 is-cropped wp-block-gallery-1 is-layout-flex\"><ul class=\"blocks-gallery-grid\"><li class=\"blocks-gallery-item\"><figure><img decoding=\"async\" loading=\"lazy\" width=\"450\" height=\"255\" src=\"http:\/\/choraledes2caps.fr\/site\/wp-content\/uploads\/2025\/03\/Vivaldi-Gloria-4.jpg\" alt=\"\" data-id=\"4288\" data-link=\"http:\/\/choraledes2caps.fr\/site\/index.php\/2023\/02\/03\/la-fenetre-musicale\/vivaldi-gloria-4\/\" class=\"wp-image-4288\" srcset=\"http:\/\/choraledes2caps.fr\/site\/wp-content\/uploads\/2025\/03\/Vivaldi-Gloria-4.jpg 450w, http:\/\/choraledes2caps.fr\/site\/wp-content\/uploads\/2025\/03\/Vivaldi-Gloria-4-300x170.jpg 300w\" sizes=\"(max-width: 450px) 100vw, 450px\" \/><\/figure><\/li><li class=\"blocks-gallery-item\"><figure><img decoding=\"async\" loading=\"lazy\" width=\"457\" height=\"255\" src=\"http:\/\/choraledes2caps.fr\/site\/wp-content\/uploads\/2025\/03\/Vivaldi-Gloria-5.jpg\" alt=\"\" data-id=\"4289\" data-full-url=\"http:\/\/choraledes2caps.fr\/site\/wp-content\/uploads\/2025\/03\/Vivaldi-Gloria-5.jpg\" data-link=\"http:\/\/choraledes2caps.fr\/site\/index.php\/2023\/02\/03\/la-fenetre-musicale\/vivaldi-gloria-5\/\" class=\"wp-image-4289\" srcset=\"http:\/\/choraledes2caps.fr\/site\/wp-content\/uploads\/2025\/03\/Vivaldi-Gloria-5.jpg 457w, http:\/\/choraledes2caps.fr\/site\/wp-content\/uploads\/2025\/03\/Vivaldi-Gloria-5-300x167.jpg 300w\" sizes=\"(max-width: 457px) 100vw, 457px\" \/><\/figure><\/li><li class=\"blocks-gallery-item\"><figure><img decoding=\"async\" loading=\"lazy\" width=\"458\" height=\"283\" src=\"http:\/\/choraledes2caps.fr\/site\/wp-content\/uploads\/2025\/03\/Vivaldi-Gloria-3.jpg\" alt=\"\" data-id=\"4287\" data-link=\"http:\/\/choraledes2caps.fr\/site\/index.php\/2023\/02\/03\/la-fenetre-musicale\/vivaldi-gloria-3\/\" class=\"wp-image-4287\" srcset=\"http:\/\/choraledes2caps.fr\/site\/wp-content\/uploads\/2025\/03\/Vivaldi-Gloria-3.jpg 458w, http:\/\/choraledes2caps.fr\/site\/wp-content\/uploads\/2025\/03\/Vivaldi-Gloria-3-300x185.jpg 300w\" sizes=\"(max-width: 458px) 100vw, 458px\" \/><\/figure><\/li><\/ul><figcaption class=\"blocks-gallery-caption\">Captures d&rsquo;\u00e9cran (Site de France Musique)<\/figcaption><\/figure>\n\n\n\n<h2 class=\"has-text-align-center wp-block-heading\"><strong>Divines voix lyriques sur Arte Concert<\/strong><\/h2>\n\n\n\n<p>\u00ab\u00a0Aigus a\u00e9riens d\u2019une soprano colorature, timbre argent\u00e9 d\u2019une voix d\u2019alto ou graves chaleureux d\u2019un baryton : <strong>l\u2019art lyrique brille sur ARTE Concert<\/strong> ! Entre \u00e9lans passionn\u00e9s, airs guerriers et m\u00e9lodies plaintives, des chanteuses et chanteurs de haut vol d\u00e9ploient toutes les couleurs et la puissance de leur voix, dans des interpr\u00e9tations saisissantes.\u00a0\u00bb (Arte Concert). <br><a href=\"https:\/\/www.arte.tv\/fr\/videos\/RC-020030\/divines-voix-lyriques\/\">https:\/\/www.arte.tv\/fr\/videos\/RC-020030\/divines-voix-lyriques\/<\/a><\/p>\n\n\n\n<figure class=\"wp-block-image size-large\"><img decoding=\"async\" loading=\"lazy\" width=\"1024\" height=\"507\" src=\"http:\/\/choraledes2caps.fr\/site\/wp-content\/uploads\/2024\/05\/Voix-lyriques-Arte-Concert-1024x507.jpg\" alt=\"\" class=\"wp-image-3402\" srcset=\"http:\/\/choraledes2caps.fr\/site\/wp-content\/uploads\/2024\/05\/Voix-lyriques-Arte-Concert-1024x507.jpg 1024w, http:\/\/choraledes2caps.fr\/site\/wp-content\/uploads\/2024\/05\/Voix-lyriques-Arte-Concert-300x148.jpg 300w, http:\/\/choraledes2caps.fr\/site\/wp-content\/uploads\/2024\/05\/Voix-lyriques-Arte-Concert-768x380.jpg 768w, http:\/\/choraledes2caps.fr\/site\/wp-content\/uploads\/2024\/05\/Voix-lyriques-Arte-Concert.jpg 1502w\" sizes=\"(max-width: 767px) 89vw, (max-width: 1000px) 54vw, (max-width: 1071px) 543px, 580px\" \/><figcaption>Capture d&rsquo;\u00e9cran (site Arte Concert)<\/figcaption><\/figure>\n\n\n\n<h2 class=\"has-text-align-center wp-block-heading\"><strong>Sing along with The King\u2019s Singers<\/strong><\/h2>\n\n\n\n<figure class=\"wp-block-embed is-type-video is-provider-youtube wp-block-embed-youtube wp-embed-aspect-16-9 wp-has-aspect-ratio\"><div class=\"wp-block-embed__wrapper\">\n<iframe loading=\"lazy\" title=\"Sing along with The King&#039;s Singers: Greensleeves (arr. Bob Chilcott)\" width=\"525\" height=\"295\" src=\"https:\/\/www.youtube.com\/embed\/jewyLngDsNc?list=PLUDeQNfP0-K5lnm6asmR0UHz_mIlEVPUX\" frameborder=\"0\" allow=\"accelerometer; autoplay; clipboard-write; encrypted-media; gyroscope; picture-in-picture; web-share\" referrerpolicy=\"strict-origin-when-cross-origin\" allowfullscreen><\/iframe>\n<\/div><\/figure>\n\n\n\n<h2 class=\"has-text-align-center wp-block-heading\"><strong>La voix de contre-t\u00e9nor<\/strong><\/h2>\n\n\n\n<p>Le <strong>contre-t\u00e9nor Paulin B\u00fcndgen<\/strong> pr\u00e9sente, sur France musique, la voix de contre-t\u00e9nor, la plus aig\u00fce du registre masculin :<br><br><a href=\"https:\/\/www.radiofrance.fr\/francemusique\/la-voix-de-contre-trenor-un-vecteur-pour-raconter-des-histoires-par-paulin-buendgen-6526044\">https:\/\/www.radiofrance.fr\/francemusique\/la-voix-de-contre-trenor-un-vecteur-pour-raconter-des-histoires-par-paulin-buendgen-6526044<\/a><\/p>\n\n\n\n<div class=\"wp-block-image\"><figure class=\"aligncenter size-full is-resized\"><img decoding=\"async\" loading=\"lazy\" src=\"http:\/\/choraledes2caps.fr\/site\/wp-content\/uploads\/2024\/10\/Le-contre-tenor-Paulin-Bundgen-Patrick-Charbon.jpg\" alt=\"\" class=\"wp-image-3827\" width=\"480\" height=\"255\" srcset=\"http:\/\/choraledes2caps.fr\/site\/wp-content\/uploads\/2024\/10\/Le-contre-tenor-Paulin-Bundgen-Patrick-Charbon.jpg 640w, http:\/\/choraledes2caps.fr\/site\/wp-content\/uploads\/2024\/10\/Le-contre-tenor-Paulin-Bundgen-Patrick-Charbon-300x159.jpg 300w\" sizes=\"(max-width: 480px) 100vw, 480px\" \/><figcaption>Le contre-t\u00e9nor Paulin B\u00fcndgen &#8211; Patrick Charbon (Site de France musique)<\/figcaption><\/figure><\/div>\n\n\n\n<h2 class=\"has-text-align-center wp-block-heading\"><strong>Hommage \u00e0 la soprano Jodie Devos<\/strong><\/h2>\n\n\n\n<p><strong>Jodie Devos<\/strong>, soprano belge, est d\u00e9c\u00e9d\u00e9e le 16 juin 2024 \u00e0 l&rsquo;\u00e2ge de 35 ans. Laur\u00e9ate de nombreux prix et concours, membre de l\u2019Acad\u00e9mie de l\u2019Op\u00e9ra Comique de Paris, elle s&rsquo;\u00e9tait produite de nombreuses fois en France et \u00e0 l&rsquo;\u00e9tranger. Voici un aper\u00e7u de son r\u00e9pertoire, <strong>l&rsquo;air de la Reine de la Nuit dans la Fl\u00fbte enchant\u00e9e de Mozart :<\/strong><br><br><a href=\"https:\/\/www.youtube.com\/watch?v=D1-CbocY21E&amp;t=83s\">https:\/\/www.youtube.com\/watch?v=D1-CbocY21E&amp;t=83s<\/a><br> <\/p>\n\n\n\n<figure class=\"wp-block-image size-full is-resized\"><img decoding=\"async\" loading=\"lazy\" src=\"http:\/\/choraledes2caps.fr\/site\/wp-content\/uploads\/2024\/06\/Jodie-Devos-c-Dominique-Gaul.jpg\" alt=\"\" class=\"wp-image-3525\" width=\"605\" height=\"314\" srcset=\"http:\/\/choraledes2caps.fr\/site\/wp-content\/uploads\/2024\/06\/Jodie-Devos-c-Dominique-Gaul.jpg 806w, http:\/\/choraledes2caps.fr\/site\/wp-content\/uploads\/2024\/06\/Jodie-Devos-c-Dominique-Gaul-300x156.jpg 300w, http:\/\/choraledes2caps.fr\/site\/wp-content\/uploads\/2024\/06\/Jodie-Devos-c-Dominique-Gaul-768x398.jpg 768w\" sizes=\"(max-width: 605px) 100vw, 605px\" \/><figcaption>https:\/\/actualites.music-opera.com\/jodie-devos-nest-plus<\/figcaption><\/figure>\n\n\n\n<h2 class=\"has-text-align-center wp-block-heading\"><strong>Hommage \u00e0 Michel Legrand<\/strong><\/h2>\n\n\n\n<p>L\u2019Orchestre Philharmonique de Radio France, Natalie Dessay, Camille Bertault, rendent hommage \u00e0 Michel Legrand. Le concert est en ligne sur Arte Concert jusqu&rsquo;au 13 mai 2026.<br><br><a href=\"https:\/\/www.arte.tv\/fr\/videos\/104533-008-A\/michel-legrand-la-musique-enchantee\/\">https:\/\/www.arte.tv\/fr\/videos\/104533-008-A\/michel-legrand-la-musique-enchantee\/<\/a><\/p>\n\n\n\n<div class=\"wp-block-image\"><figure class=\"aligncenter size-full is-resized\"><img decoding=\"async\" loading=\"lazy\" src=\"http:\/\/choraledes2caps.fr\/site\/wp-content\/uploads\/2024\/05\/Michel-Legrand-1.jpg\" alt=\"\" class=\"wp-image-3429\" width=\"400\" height=\"299\" srcset=\"http:\/\/choraledes2caps.fr\/site\/wp-content\/uploads\/2024\/05\/Michel-Legrand-1.jpg 800w, http:\/\/choraledes2caps.fr\/site\/wp-content\/uploads\/2024\/05\/Michel-Legrand-1-300x224.jpg 300w, http:\/\/choraledes2caps.fr\/site\/wp-content\/uploads\/2024\/05\/Michel-Legrand-1-768x573.jpg 768w\" sizes=\"(max-width: 400px) 100vw, 400px\" \/><figcaption>https:\/\/commons.wikimedia.org\/wiki\/File:Michel_Legrand_2017_JazzSanJavier.jpg_07.jpg<\/figcaption><\/figure><\/div>\n\n\n\n<h2 class=\"has-text-align-center wp-block-heading\"><strong>Air du muguet (Ciboulette)<\/strong><\/h2>\n\n\n\n<p><a href=\"https:\/\/www.youtube.com\/watch?v=mahfJcSmfiA&amp;t=256s\">https:\/\/www.youtube.com\/watch?v=mahfJcSmfiA&amp;t=256s<\/a><br>L&rsquo;air du Muguet est tir\u00e9 de l&rsquo;op\u00e9rette \u00ab\u00a0Ciboulette\u00a0\u00bb, compos\u00e9e en 1923 par Reynaldo Hahn. <br><br><a href=\"https:\/\/www.olyrix.com\/videos\/spectacle\/976\/air-du-muguet-ciboulette-de-reynaldo-hahn-1er-mai-fete-du-travail-ferie-opera-operette-lyrique?fbclid=IwZXh0bgNhZW0CMTEAAR1MlurpcN6nkrrzYhMeSTEqUiM1uEre9ngCNLaecdcvddCw10jm82nmZ5M_aem_Aeb316F6EU7KSfcKXn3AcYZAC9waYAZhQhwkfe1j9cgpEW0Tx4bfMz-1q06TliFJpLBgeJiaX8TPoQaAAPfuI0cM\">https:\/\/www.olyrix.com\/videos\/spectacle\/976\/air-du-muguet-ciboulette-de-reynaldo-hahn-1er-mai-fete-du-travail-ferie-opera-operette-lyrique?fbclid=IwZXh0bgNhZW0CMTEAAR1MlurpcN6nkrrzYhMeSTEqUiM1uEre9ngCNLaecdcvddCw10jm82nmZ5M_aem_Aeb316F6EU7KSfcKXn3AcYZAC9waYAZhQhwkfe1j9cgpEW0Tx4bfMz-1q06TliFJpLBgeJiaX8TPoQaAAPfuI0cM<\/a><\/p>\n\n\n\n<h2 class=\"has-text-align-center wp-block-heading\"><strong>Le tango corse<\/strong><\/h2>\n\n\n\n<p>La cheffe de choeur Lola Dauthieux impulse une sacr\u00e9e dynamique \u00e0 son ensemble vocal !<\/p>\n\n\n\n<figure class=\"wp-block-embed is-type-video is-provider-youtube wp-block-embed-youtube wp-embed-aspect-4-3 wp-has-aspect-ratio\"><div class=\"wp-block-embed__wrapper\">\n<iframe loading=\"lazy\" title=\"Le tango corse Lola DAUTHIEUX Chef de choeur\" width=\"525\" height=\"394\" src=\"https:\/\/www.youtube.com\/embed\/aP2PpdbUUqM?feature=oembed\" frameborder=\"0\" allow=\"accelerometer; autoplay; clipboard-write; encrypted-media; gyroscope; picture-in-picture; web-share\" referrerpolicy=\"strict-origin-when-cross-origin\" allowfullscreen><\/iframe>\n<\/div><\/figure>\n\n\n\n<h2 class=\"has-text-align-center wp-block-heading\"><strong>Enrico Caruso, t\u00e9nor (1873-1921)<\/strong><\/h2>\n\n\n\n<p>\u00ab\u00a0la l\u00e9gende d\u00e9crypt\u00e9e de celui qui fut la premi\u00e8re star internationale du monde lyrique\u00a0\u00bb sur France Musique<br><br><a href=\"https:\/\/www.radiofrance.fr\/francemusique\/enrico-caruso-la-legende-de-la-voix-du-siecle-decryptee-1787529\">https:\/\/www.radiofrance.fr\/francemusique\/enrico-caruso-la-legende-de-la-voix-du-siecle-decryptee-1787529<\/a><\/p>\n\n\n\n<div class=\"wp-block-image\"><figure class=\"aligncenter size-full\"><img decoding=\"async\" loading=\"lazy\" width=\"195\" height=\"259\" src=\"http:\/\/choraledes2caps.fr\/site\/wp-content\/uploads\/2024\/02\/imageCaruso.jpg\" alt=\"\" class=\"wp-image-3268\"\/><figcaption>https:\/\/loc.getarchive.net\/media\/enrico-caruso-1873-1921-full-length-portrait-seated-facing-right-in-costume<\/figcaption><\/figure><\/div>\n\n\n\n<h2 class=\"has-text-align-center wp-block-heading\"><strong>Les feuilles mortes<\/strong><\/h2>\n\n\n\n<p><strong>Une interpr\u00e9tation des Feuilles mortes de Joseph Kosma par les Solistes du Choeur de l&rsquo;Arm\u00e9e Fran\u00e7aise<\/strong><br><br><a rel=\"noreferrer noopener\" href=\"https:\/\/www.radiofrance.fr\/francemusique\/concerts\/concert-generations-france-musique-le-live-vadym-kholodenko-francois-rougier-le-consort-brouillamini\/joseph-kosma-les-feuilles-mortes-solistes-du-choeur-de-l-armee-francaise-1772344\" data-type=\"URL\" data-id=\"https:\/\/www.radiofrance.fr\/francemusique\/concerts\/concert-generations-france-musique-le-live-vadym-kholodenko-francois-rougier-le-consort-brouillamini\/joseph-kosma-les-feuilles-mortes-solistes-du-choeur-de-l-armee-francaise-1772344\" target=\"_blank\">https:\/\/www.radiofrance.fr\/francemusique\/concerts\/concert-generations-france-musique-le-live-vadym-kholodenko-francois-rougier-le-consort-brouillamini\/joseph-kosma-les-feuilles-mortes-solistes-du-choeur-de-l-armee-francaise-1772344<\/a><\/p>\n\n\n\n<div class=\"wp-block-image\"><figure class=\"aligncenter size-full is-resized\"><img decoding=\"async\" loading=\"lazy\" src=\"http:\/\/choraledes2caps.fr\/site\/wp-content\/uploads\/2024\/08\/Les-feuilles-mortes.jpg\" alt=\"\" class=\"wp-image-3588\" width=\"559\" height=\"269\" srcset=\"http:\/\/choraledes2caps.fr\/site\/wp-content\/uploads\/2024\/08\/Les-feuilles-mortes.jpg 745w, http:\/\/choraledes2caps.fr\/site\/wp-content\/uploads\/2024\/08\/Les-feuilles-mortes-300x145.jpg 300w\" sizes=\"(max-width: 559px) 100vw, 559px\" \/><figcaption> Capture d&rsquo;\u00e9cran site de France Musique <\/figcaption><\/figure><\/div>\n\n\n\n<p><\/p>\n","protected":false},"excerpt":{"rendered":"<p>Des suggestions en lien avec la musique Hommage \u00e0 Jos\u00e9 van Dam Jos\u00e9 van Dam, baryton-basse belge dont le talent \u00e9tait mondialement reconnu, s&rsquo;est \u00e9teint le 17 f\u00e9vrier 2026 \u00e0 l&rsquo;\u00e2ge de 85 ans. Les multiples hommages qui lui sont rendus sont \u00e0 la mesure de son talent. Voici quelques exemples : Arte concert diffuse &hellip; <\/p>\n<p class=\"link-more\"><a href=\"http:\/\/choraledes2caps.fr\/site\/index.php\/2023\/02\/03\/la-fenetre-musicale\/\" class=\"more-link\">Continuer la lecture<span class=\"screen-reader-text\"> de &laquo;&nbsp;La fen\u00eatre musicale&nbsp;&raquo;<\/span><\/a><\/p>\n","protected":false},"author":1,"featured_media":0,"comment_status":"closed","ping_status":"","sticky":false,"template":"","format":"standard","meta":[],"categories":[15,29,23,26,25],"tags":[],"_links":{"self":[{"href":"http:\/\/choraledes2caps.fr\/site\/index.php\/wp-json\/wp\/v2\/posts\/2614"}],"collection":[{"href":"http:\/\/choraledes2caps.fr\/site\/index.php\/wp-json\/wp\/v2\/posts"}],"about":[{"href":"http:\/\/choraledes2caps.fr\/site\/index.php\/wp-json\/wp\/v2\/types\/post"}],"author":[{"embeddable":true,"href":"http:\/\/choraledes2caps.fr\/site\/index.php\/wp-json\/wp\/v2\/users\/1"}],"replies":[{"embeddable":true,"href":"http:\/\/choraledes2caps.fr\/site\/index.php\/wp-json\/wp\/v2\/comments?post=2614"}],"version-history":[{"count":197,"href":"http:\/\/choraledes2caps.fr\/site\/index.php\/wp-json\/wp\/v2\/posts\/2614\/revisions"}],"predecessor-version":[{"id":5505,"href":"http:\/\/choraledes2caps.fr\/site\/index.php\/wp-json\/wp\/v2\/posts\/2614\/revisions\/5505"}],"wp:attachment":[{"href":"http:\/\/choraledes2caps.fr\/site\/index.php\/wp-json\/wp\/v2\/media?parent=2614"}],"wp:term":[{"taxonomy":"category","embeddable":true,"href":"http:\/\/choraledes2caps.fr\/site\/index.php\/wp-json\/wp\/v2\/categories?post=2614"},{"taxonomy":"post_tag","embeddable":true,"href":"http:\/\/choraledes2caps.fr\/site\/index.php\/wp-json\/wp\/v2\/tags?post=2614"}],"curies":[{"name":"wp","href":"https:\/\/api.w.org\/{rel}","templated":true}]}}