{"id":126,"date":"2019-11-29T20:36:03","date_gmt":"2019-11-29T19:36:03","guid":{"rendered":"http:\/\/choraledes2caps.fr\/site\/?p=126"},"modified":"2020-01-20T17:56:31","modified_gmt":"2020-01-20T16:56:31","slug":"acpw","status":"publish","type":"post","link":"http:\/\/choraledes2caps.fr\/site\/index.php\/2019\/11\/29\/acpw\/","title":{"rendered":"ACPW"},"content":{"rendered":"\n<p>La Chorale des 2 Caps, n\u00e9e en 2001, est une section de l&rsquo;association <strong>ACPW <\/strong>(Arts et Culture en Pays de Wissant) dont le but est de promouvoir des activit\u00e9s artistiques, culturelles ou p\u00e9dagogiques. Actuellement ACPW se compose de 3 sections : la <strong><em>Chorale des 2 Caps<\/em><\/strong>, la section <strong><em>Ev\u00e9nements<\/em><\/strong> et la section <strong><em>Patchwork<\/em><\/strong>.<\/p>\n\n\n\n<p>C&rsquo;est une association loi 1901 reconnue d&rsquo;int\u00e9r\u00eat g\u00e9n\u00e9ral.<\/p>\n\n\n\n<div class=\"wp-block-image\"><figure class=\"aligncenter\"><img decoding=\"async\" loading=\"lazy\" width=\"800\" height=\"1000\" src=\"http:\/\/choraledes2caps.fr\/site\/wp-content\/uploads\/2019\/11\/circulaire.png\" alt=\"\" class=\"wp-image-195\" srcset=\"http:\/\/choraledes2caps.fr\/site\/wp-content\/uploads\/2019\/11\/circulaire.png 800w, http:\/\/choraledes2caps.fr\/site\/wp-content\/uploads\/2019\/11\/circulaire-240x300.png 240w, http:\/\/choraledes2caps.fr\/site\/wp-content\/uploads\/2019\/11\/circulaire-768x960.png 768w\" sizes=\"(max-width: 767px) 89vw, (max-width: 1000px) 54vw, (max-width: 1071px) 543px, 580px\" \/><\/figure><\/div>\n","protected":false},"excerpt":{"rendered":"<p>La Chorale des 2 Caps, n\u00e9e en 2001, est une section de l&rsquo;association ACPW (Arts et Culture en Pays de Wissant) dont le but est de promouvoir des activit\u00e9s artistiques, culturelles ou p\u00e9dagogiques. Actuellement ACPW se compose de 3 sections : la Chorale des 2 Caps, la section Ev\u00e9nements et la section Patchwork. C&rsquo;est une &hellip; <\/p>\n<p class=\"link-more\"><a href=\"http:\/\/choraledes2caps.fr\/site\/index.php\/2019\/11\/29\/acpw\/\" class=\"more-link\">Continuer la lecture<span class=\"screen-reader-text\"> de &laquo;&nbsp;ACPW&nbsp;&raquo;<\/span><\/a><\/p>\n","protected":false},"author":1,"featured_media":0,"comment_status":"closed","ping_status":"open","sticky":false,"template":"","format":"standard","meta":[],"categories":[1],"tags":[],"_links":{"self":[{"href":"http:\/\/choraledes2caps.fr\/site\/index.php\/wp-json\/wp\/v2\/posts\/126"}],"collection":[{"href":"http:\/\/choraledes2caps.fr\/site\/index.php\/wp-json\/wp\/v2\/posts"}],"about":[{"href":"http:\/\/choraledes2caps.fr\/site\/index.php\/wp-json\/wp\/v2\/types\/post"}],"author":[{"embeddable":true,"href":"http:\/\/choraledes2caps.fr\/site\/index.php\/wp-json\/wp\/v2\/users\/1"}],"replies":[{"embeddable":true,"href":"http:\/\/choraledes2caps.fr\/site\/index.php\/wp-json\/wp\/v2\/comments?post=126"}],"version-history":[{"count":5,"href":"http:\/\/choraledes2caps.fr\/site\/index.php\/wp-json\/wp\/v2\/posts\/126\/revisions"}],"predecessor-version":[{"id":198,"href":"http:\/\/choraledes2caps.fr\/site\/index.php\/wp-json\/wp\/v2\/posts\/126\/revisions\/198"}],"wp:attachment":[{"href":"http:\/\/choraledes2caps.fr\/site\/index.php\/wp-json\/wp\/v2\/media?parent=126"}],"wp:term":[{"taxonomy":"category","embeddable":true,"href":"http:\/\/choraledes2caps.fr\/site\/index.php\/wp-json\/wp\/v2\/categories?post=126"},{"taxonomy":"post_tag","embeddable":true,"href":"http:\/\/choraledes2caps.fr\/site\/index.php\/wp-json\/wp\/v2\/tags?post=126"}],"curies":[{"name":"wp","href":"https:\/\/api.w.org\/{rel}","templated":true}]}}