{"id":107,"date":"2019-11-29T09:04:55","date_gmt":"2019-11-29T08:04:55","guid":{"rendered":"http:\/\/choraledes2caps.fr\/site\/?p=107"},"modified":"2025-11-30T20:47:25","modified_gmt":"2025-11-30T19:47:25","slug":"contact","status":"publish","type":"post","link":"http:\/\/choraledes2caps.fr\/site\/index.php\/2019\/11\/29\/contact\/","title":{"rendered":"Contact"},"content":{"rendered":"\n<p>Messagerie :<br><strong>choraledes2caps@gmail.com<\/strong><\/p>\n\n\n\n<p class=\"has-text-align-left\"><strong>Annick Ball<\/strong>, pr\u00e9sidente ACPW (Arts et Culture en Pays de Wissant)<br>03 21 35 95 41<br> <\/p>\n\n\n\n<p><strong>Marie-Madeleine Garcia Jakubowski<\/strong>, pr\u00e9sidente chorale et vice-pr\u00e9sidente ACPW<br>03 21 92 79 73<br> <\/p>\n","protected":false},"excerpt":{"rendered":"<p>Messagerie :choraledes2caps@gmail.com Annick Ball, pr\u00e9sidente ACPW (Arts et Culture en Pays de Wissant)03 21 35 95 41 Marie-Madeleine Garcia Jakubowski, pr\u00e9sidente chorale et vice-pr\u00e9sidente ACPW03 21 92 79 73<\/p>\n","protected":false},"author":1,"featured_media":0,"comment_status":"closed","ping_status":"open","sticky":false,"template":"","format":"standard","meta":[],"categories":[1],"tags":[],"_links":{"self":[{"href":"http:\/\/choraledes2caps.fr\/site\/index.php\/wp-json\/wp\/v2\/posts\/107"}],"collection":[{"href":"http:\/\/choraledes2caps.fr\/site\/index.php\/wp-json\/wp\/v2\/posts"}],"about":[{"href":"http:\/\/choraledes2caps.fr\/site\/index.php\/wp-json\/wp\/v2\/types\/post"}],"author":[{"embeddable":true,"href":"http:\/\/choraledes2caps.fr\/site\/index.php\/wp-json\/wp\/v2\/users\/1"}],"replies":[{"embeddable":true,"href":"http:\/\/choraledes2caps.fr\/site\/index.php\/wp-json\/wp\/v2\/comments?post=107"}],"version-history":[{"count":20,"href":"http:\/\/choraledes2caps.fr\/site\/index.php\/wp-json\/wp\/v2\/posts\/107\/revisions"}],"predecessor-version":[{"id":4981,"href":"http:\/\/choraledes2caps.fr\/site\/index.php\/wp-json\/wp\/v2\/posts\/107\/revisions\/4981"}],"wp:attachment":[{"href":"http:\/\/choraledes2caps.fr\/site\/index.php\/wp-json\/wp\/v2\/media?parent=107"}],"wp:term":[{"taxonomy":"category","embeddable":true,"href":"http:\/\/choraledes2caps.fr\/site\/index.php\/wp-json\/wp\/v2\/categories?post=107"},{"taxonomy":"post_tag","embeddable":true,"href":"http:\/\/choraledes2caps.fr\/site\/index.php\/wp-json\/wp\/v2\/tags?post=107"}],"curies":[{"name":"wp","href":"https:\/\/api.w.org\/{rel}","templated":true}]}}